{"id":338,"date":"2025-04-25T09:09:59","date_gmt":"2025-04-25T09:09:59","guid":{"rendered":"https:\/\/www.motointegrator.pt\/blog\/\/?p=338"},"modified":"2025-08-04T12:43:24","modified_gmt":"2025-08-04T12:43:24","slug":"os-melhores-automoveis-em-segunda-mao","status":"publish","type":"post","link":"https:\/\/www.motointegrator.pt\/blog\/os-melhores-automoveis-em-segunda-mao\/","title":{"rendered":"Os melhores autom\u00f3veis em segunda m\u00e3o"},"content":{"rendered":"<p>Ao comprar autom\u00f3veis em segunda m\u00e3o, \u00e9 natural que queira ter a certeza, tanto quanto poss\u00edvel, de que o ve\u00edculo lhe dar\u00e1 um prazer de condu\u00e7\u00e3o ininterrupto durante muitos anos. Mas que modelo de carro deves escolher quando compras um autom\u00f3vel em segunda m\u00e3o? Um relat\u00f3rio da Dekra sobre autom\u00f3veis em segunda m\u00e3o analisou 456 modelos e nomeou os vencedores em v\u00e1rias categorias.<\/p>\n<h2>O melhor em todas as categorias: Mercedes Classe E<\/h2>\n<p>O <a href=\"\/pecas-de-substituicao\/g\/mercedes-benz\/e-klasse\/\">Mercedes Classe E<\/a> de 2009 foi o modelo com melhor desempenho em todas as categorias e quilometragens. Escolhendo este modelo ao comprar um autom\u00f3vel usado, podes esperar uma experi\u00eancia de condu\u00e7\u00e3o impec\u00e1vel.<\/p>\n<p>O segundo lugar na classifica\u00e7\u00e3o \u201cO melhor em todas as categorias\u201d vai para o <a href=\"\/pecas-de-substituicao\/audi\/\">Audi<\/a> Q5 2008, que tamb\u00e9m tem um excelente desempenho nos intervalos de quilometragem de 50.001 a 100.000 quil\u00f3metros e de 100.001 a 150.000 quil\u00f3metros na categoria SUV. O terceiro lugar vai para o Mercedes GLK 2008, que tamb\u00e9m recebeu o pr\u00e9mio na categoria de quilometragem de 0 a 50.000 quil\u00f3metros na categoria de SUV compacto.<\/p>\n<h2>Outros modelos de carros usados de alto desempenho<\/h2>\n<p>Para al\u00e9m deste top 3, outros carros usados not\u00e1veis incluem o Audi A1 2010, o <a href=\"\/pecas-de-substituicao\/g\/vw\/polo\/\">VW Polo<\/a> 2009 e o <a href=\"\/pecas-de-substituicao\/toyota\/\">Toyota Prius<\/a> do mesmo ano de fabrico.<\/p>\n<p>O <a href=\"\/pecas-de-substituicao\/mazda\/\">Mazda 3<\/a> 2009, o VW Golf VI 2008 e o relativamente antigo Toyota Prius 2003 tamb\u00e9m tiveram um bom desempenho.<\/p>\n<h2>Pe\u00e7as para os autom\u00f3veis em segunda m\u00e3o na loja online Motointegrator<\/h2>\n<p>Est\u00e1s \u00e0 procura de pe\u00e7as sobressalentes de qualidade e baratas para o teu carro usado? Ent\u00e3o a Motointegrator \u00e9 o parceiro certo para ti. A nossa <a href=\"https:\/\/www.motointegrator.pt\/\">loja online<\/a> oferece-te tanto pe\u00e7as de fabricantes conhecidos como alternativas econ\u00f3micas. Assim, temos a pe\u00e7a sobresselente certa para cada or\u00e7amento. Beneficia das in\u00fameras vantagens das compras online e obt\u00e9m facilmente a pe\u00e7a autom\u00f3vel de que precisas.<\/p>\n","protected":false},"excerpt":{"rendered":"<p>Ao comprar autom\u00f3veis em segunda m\u00e3o, \u00e9 natural que queira ter a certeza, tanto quanto poss\u00edvel, de que o ve\u00edculo lhe dar\u00e1 um prazer de condu\u00e7\u00e3o ininterrupto durante muitos anos. Mas que modelo de carro deves escolher quando compras um autom\u00f3vel em segunda m\u00e3o? Um relat\u00f3rio da Dekra sobre autom\u00f3veis em segunda m\u00e3o analisou 456 [&hellip;]<\/p>\n","protected":false},"author":4,"featured_media":17861,"comment_status":"closed","ping_status":"closed","sticky":false,"template":"","format":"standard","meta":{"footnotes":""},"categories":[3294,641],"tags":[4600,3679,4601,4602,4603,4342],"class_list":["post-338","post","type-post","status-publish","format-standard","has-post-thumbnail","category-automovel","category-carrossel","tag-automoveis-usados","tag-carro","tag-carros-usados","tag-modelos-de-automoveis-usados","tag-os-melhores-carros-usados","tag-pecas-sobresselentes"],"yoast_head":"<!-- This site is optimized with the Yoast SEO plugin v28.2 - https:\/\/yoast.com\/product\/yoast-seo-wordpress\/ -->\n<title>Os melhores autom\u00f3veis em segunda m\u00e3o<\/title>\n<meta name=\"description\" content=\"Quem compra um autom\u00f3vel em segunda m\u00e3o quer ter a certeza de que o carro lhe dar\u00e1 um prazer de condu\u00e7\u00e3o inalterado durante muito tempo.\" \/>\n<meta name=\"robots\" content=\"index, follow, max-snippet:-1, max-image-preview:large, max-video-preview:-1\" \/>\n<link rel=\"canonical\" href=\"https:\/\/www.motointegrator.pt\/blog\/os-melhores-automoveis-em-segunda-mao\/\" \/>\n<meta property=\"og:locale\" content=\"pt-PT\" \/>\n<meta property=\"og:type\" content=\"article\" \/>\n<meta property=\"og:title\" content=\"Os melhores autom\u00f3veis em segunda m\u00e3o\" \/>\n<meta property=\"og:description\" content=\"Quem compra um autom\u00f3vel em segunda m\u00e3o quer ter a certeza de que o carro lhe dar\u00e1 um prazer de condu\u00e7\u00e3o inalterado durante muito tempo.\" \/>\n<meta property=\"og:url\" content=\"https:\/\/www.motointegrator.pt\/blog\/os-melhores-automoveis-em-segunda-mao\/\" \/>\n<meta property=\"og:site_name\" content=\"Motointegrator.pt Blog\" \/>\n<meta property=\"article:published_time\" content=\"2025-04-25T09:09:59+00:00\" \/>\n<meta property=\"article:modified_time\" content=\"2025-08-04T12:43:24+00:00\" \/>\n<meta property=\"og:image\" content=\"https:\/\/www.motointegrator.pt\/blog\/wp-content\/uploads\/sites\/17\/2025\/04\/carro-usado.jpg\" \/>\n\t<meta property=\"og:image:width\" content=\"1000\" \/>\n\t<meta property=\"og:image:height\" content=\"658\" \/>\n\t<meta property=\"og:image:type\" content=\"image\/jpeg\" \/>\n<meta name=\"author\" content=\"Admin\" \/>\n<meta name=\"twitter:card\" content=\"summary_large_image\" \/>\n<meta name=\"twitter:label1\" content=\"Escrito por\" \/>\n\t<meta name=\"twitter:data1\" content=\"Admin\" \/>\n\t<meta name=\"twitter:label2\" content=\"Tempo estimado de leitura\" \/>\n\t<meta name=\"twitter:data2\" content=\"2 minutos\" \/>\n<script type=\"application\/ld+json\" class=\"yoast-schema-graph\">{\"@context\":\"https:\\\/\\\/schema.org\",\"@graph\":[{\"@type\":\"Article\",\"@id\":\"https:\\\/\\\/www.motointegrator.pt\\\/blog\\\/os-melhores-automoveis-em-segunda-mao\\\/#article\",\"isPartOf\":{\"@id\":\"https:\\\/\\\/www.motointegrator.pt\\\/blog\\\/os-melhores-automoveis-em-segunda-mao\\\/\"},\"author\":{\"name\":\"Admin\",\"@id\":\"https:\\\/\\\/www.motointegrator.pt\\\/blog\\\/#\\\/schema\\\/person\\\/8ddcf1cb5f28a19e1858c868f7b7f709\"},\"headline\":\"Os melhores autom\u00f3veis em segunda m\u00e3o\",\"datePublished\":\"2025-04-25T09:09:59+00:00\",\"dateModified\":\"2025-08-04T12:43:24+00:00\",\"mainEntityOfPage\":{\"@id\":\"https:\\\/\\\/www.motointegrator.pt\\\/blog\\\/os-melhores-automoveis-em-segunda-mao\\\/\"},\"wordCount\":330,\"image\":{\"@id\":\"https:\\\/\\\/www.motointegrator.pt\\\/blog\\\/os-melhores-automoveis-em-segunda-mao\\\/#primaryimage\"},\"thumbnailUrl\":\"https:\\\/\\\/www.motointegrator.pt\\\/blog\\\/wp-content\\\/uploads\\\/sites\\\/17\\\/2025\\\/04\\\/carro-usado.jpg\",\"keywords\":[\"autom\u00f3veis usados\",\"carro\",\"carros usados\",\"modelos de autom\u00f3veis usados\",\"os melhores carros usados\",\"pe\u00e7as sobresselentes\"],\"articleSection\":[\"Autom\u00f3vel\",\"Carrossel\"],\"inLanguage\":\"pt-PT\"},{\"@type\":\"WebPage\",\"@id\":\"https:\\\/\\\/www.motointegrator.pt\\\/blog\\\/os-melhores-automoveis-em-segunda-mao\\\/\",\"url\":\"https:\\\/\\\/www.motointegrator.pt\\\/blog\\\/os-melhores-automoveis-em-segunda-mao\\\/\",\"name\":\"Os melhores autom\u00f3veis em segunda m\u00e3o\",\"isPartOf\":{\"@id\":\"https:\\\/\\\/www.motointegrator.pt\\\/blog\\\/#website\"},\"primaryImageOfPage\":{\"@id\":\"https:\\\/\\\/www.motointegrator.pt\\\/blog\\\/os-melhores-automoveis-em-segunda-mao\\\/#primaryimage\"},\"image\":{\"@id\":\"https:\\\/\\\/www.motointegrator.pt\\\/blog\\\/os-melhores-automoveis-em-segunda-mao\\\/#primaryimage\"},\"thumbnailUrl\":\"https:\\\/\\\/www.motointegrator.pt\\\/blog\\\/wp-content\\\/uploads\\\/sites\\\/17\\\/2025\\\/04\\\/carro-usado.jpg\",\"datePublished\":\"2025-04-25T09:09:59+00:00\",\"dateModified\":\"2025-08-04T12:43:24+00:00\",\"author\":{\"@id\":\"https:\\\/\\\/www.motointegrator.pt\\\/blog\\\/#\\\/schema\\\/person\\\/8ddcf1cb5f28a19e1858c868f7b7f709\"},\"description\":\"Quem compra um autom\u00f3vel em segunda m\u00e3o quer ter a certeza de que o carro lhe dar\u00e1 um prazer de condu\u00e7\u00e3o inalterado durante muito tempo.\",\"breadcrumb\":{\"@id\":\"https:\\\/\\\/www.motointegrator.pt\\\/blog\\\/os-melhores-automoveis-em-segunda-mao\\\/#breadcrumb\"},\"inLanguage\":\"pt-PT\",\"potentialAction\":[{\"@type\":\"ReadAction\",\"target\":[\"https:\\\/\\\/www.motointegrator.pt\\\/blog\\\/os-melhores-automoveis-em-segunda-mao\\\/\"]}]},{\"@type\":\"ImageObject\",\"inLanguage\":\"pt-PT\",\"@id\":\"https:\\\/\\\/www.motointegrator.pt\\\/blog\\\/os-melhores-automoveis-em-segunda-mao\\\/#primaryimage\",\"url\":\"https:\\\/\\\/www.motointegrator.pt\\\/blog\\\/wp-content\\\/uploads\\\/sites\\\/17\\\/2025\\\/04\\\/carro-usado.jpg\",\"contentUrl\":\"https:\\\/\\\/www.motointegrator.pt\\\/blog\\\/wp-content\\\/uploads\\\/sites\\\/17\\\/2025\\\/04\\\/carro-usado.jpg\",\"width\":1000,\"height\":658,\"caption\":\"\u00a9 Africa Studio \\\/ Shutterstock\"},{\"@type\":\"BreadcrumbList\",\"@id\":\"https:\\\/\\\/www.motointegrator.pt\\\/blog\\\/os-melhores-automoveis-em-segunda-mao\\\/#breadcrumb\",\"itemListElement\":[{\"@type\":\"ListItem\",\"position\":1,\"name\":\"Home\",\"item\":\"https:\\\/\\\/www.motointegrator.pt\\\/blog\\\/\"},{\"@type\":\"ListItem\",\"position\":2,\"name\":\"Os melhores autom\u00f3veis em segunda m\u00e3o\"}]},{\"@type\":\"WebSite\",\"@id\":\"https:\\\/\\\/www.motointegrator.pt\\\/blog\\\/#website\",\"url\":\"https:\\\/\\\/www.motointegrator.pt\\\/blog\\\/\",\"name\":\"Motointegrator.pt Blog\",\"description\":\"O cantar dos pneus, o cheiro a gasolina, o esp\u00edrito de vit\u00f3ria, a experi\u00eancia dos carros desportivos de perto, a realiza\u00e7\u00e3o de sonhos de inf\u00e2ncia: eis o Motointegrator.\",\"potentialAction\":[{\"@type\":\"SearchAction\",\"target\":{\"@type\":\"EntryPoint\",\"urlTemplate\":\"https:\\\/\\\/www.motointegrator.pt\\\/blog\\\/?s={search_term_string}\"},\"query-input\":{\"@type\":\"PropertyValueSpecification\",\"valueRequired\":true,\"valueName\":\"search_term_string\"}}],\"inLanguage\":\"pt-PT\"},{\"@type\":\"Person\",\"@id\":\"https:\\\/\\\/www.motointegrator.pt\\\/blog\\\/#\\\/schema\\\/person\\\/8ddcf1cb5f28a19e1858c868f7b7f709\",\"name\":\"Admin\",\"image\":{\"@type\":\"ImageObject\",\"inLanguage\":\"pt-PT\",\"@id\":\"https:\\\/\\\/secure.gravatar.com\\\/avatar\\\/bf7d807e5e735d343c2ec0b137b8df1a054fb2c0b8766ff4a51f13be37f30be9?s=96&d=mm&r=g\",\"url\":\"https:\\\/\\\/secure.gravatar.com\\\/avatar\\\/bf7d807e5e735d343c2ec0b137b8df1a054fb2c0b8766ff4a51f13be37f30be9?s=96&d=mm&r=g\",\"contentUrl\":\"https:\\\/\\\/secure.gravatar.com\\\/avatar\\\/bf7d807e5e735d343c2ec0b137b8df1a054fb2c0b8766ff4a51f13be37f30be9?s=96&d=mm&r=g\",\"caption\":\"Admin\"},\"url\":\"https:\\\/\\\/www.motointegrator.pt\\\/blog\\\/author\\\/eva\\\/\"}]}<\/script>\n<!-- \/ Yoast SEO plugin. -->","yoast_head_json":{"title":"Os melhores autom\u00f3veis em segunda m\u00e3o","description":"Quem compra um autom\u00f3vel em segunda m\u00e3o quer ter a certeza de que o carro lhe dar\u00e1 um prazer de condu\u00e7\u00e3o inalterado durante muito tempo.","robots":{"index":"index","follow":"follow","max-snippet":"max-snippet:-1","max-image-preview":"max-image-preview:large","max-video-preview":"max-video-preview:-1"},"canonical":"https:\/\/www.motointegrator.pt\/blog\/os-melhores-automoveis-em-segunda-mao\/","og_locale":"pt-PT","og_type":"article","og_title":"Os melhores autom\u00f3veis em segunda m\u00e3o","og_description":"Quem compra um autom\u00f3vel em segunda m\u00e3o quer ter a certeza de que o carro lhe dar\u00e1 um prazer de condu\u00e7\u00e3o inalterado durante muito tempo.","og_url":"https:\/\/www.motointegrator.pt\/blog\/os-melhores-automoveis-em-segunda-mao\/","og_site_name":"Motointegrator.pt Blog","article_published_time":"2025-04-25T09:09:59+00:00","article_modified_time":"2025-08-04T12:43:24+00:00","og_image":[{"width":1000,"height":658,"url":"https:\/\/www.motointegrator.pt\/blog\/wp-content\/uploads\/sites\/17\/2025\/04\/carro-usado.jpg","type":"image\/jpeg"}],"author":"Admin","twitter_card":"summary_large_image","twitter_misc":{"Escrito por":"Admin","Tempo estimado de leitura":"2 minutos"},"schema":{"@context":"https:\/\/schema.org","@graph":[{"@type":"Article","@id":"https:\/\/www.motointegrator.pt\/blog\/os-melhores-automoveis-em-segunda-mao\/#article","isPartOf":{"@id":"https:\/\/www.motointegrator.pt\/blog\/os-melhores-automoveis-em-segunda-mao\/"},"author":{"name":"Admin","@id":"https:\/\/www.motointegrator.pt\/blog\/#\/schema\/person\/8ddcf1cb5f28a19e1858c868f7b7f709"},"headline":"Os melhores autom\u00f3veis em segunda m\u00e3o","datePublished":"2025-04-25T09:09:59+00:00","dateModified":"2025-08-04T12:43:24+00:00","mainEntityOfPage":{"@id":"https:\/\/www.motointegrator.pt\/blog\/os-melhores-automoveis-em-segunda-mao\/"},"wordCount":330,"image":{"@id":"https:\/\/www.motointegrator.pt\/blog\/os-melhores-automoveis-em-segunda-mao\/#primaryimage"},"thumbnailUrl":"https:\/\/www.motointegrator.pt\/blog\/wp-content\/uploads\/sites\/17\/2025\/04\/carro-usado.jpg","keywords":["autom\u00f3veis usados","carro","carros usados","modelos de autom\u00f3veis usados","os melhores carros usados","pe\u00e7as sobresselentes"],"articleSection":["Autom\u00f3vel","Carrossel"],"inLanguage":"pt-PT"},{"@type":"WebPage","@id":"https:\/\/www.motointegrator.pt\/blog\/os-melhores-automoveis-em-segunda-mao\/","url":"https:\/\/www.motointegrator.pt\/blog\/os-melhores-automoveis-em-segunda-mao\/","name":"Os melhores autom\u00f3veis em segunda m\u00e3o","isPartOf":{"@id":"https:\/\/www.motointegrator.pt\/blog\/#website"},"primaryImageOfPage":{"@id":"https:\/\/www.motointegrator.pt\/blog\/os-melhores-automoveis-em-segunda-mao\/#primaryimage"},"image":{"@id":"https:\/\/www.motointegrator.pt\/blog\/os-melhores-automoveis-em-segunda-mao\/#primaryimage"},"thumbnailUrl":"https:\/\/www.motointegrator.pt\/blog\/wp-content\/uploads\/sites\/17\/2025\/04\/carro-usado.jpg","datePublished":"2025-04-25T09:09:59+00:00","dateModified":"2025-08-04T12:43:24+00:00","author":{"@id":"https:\/\/www.motointegrator.pt\/blog\/#\/schema\/person\/8ddcf1cb5f28a19e1858c868f7b7f709"},"description":"Quem compra um autom\u00f3vel em segunda m\u00e3o quer ter a certeza de que o carro lhe dar\u00e1 um prazer de condu\u00e7\u00e3o inalterado durante muito tempo.","breadcrumb":{"@id":"https:\/\/www.motointegrator.pt\/blog\/os-melhores-automoveis-em-segunda-mao\/#breadcrumb"},"inLanguage":"pt-PT","potentialAction":[{"@type":"ReadAction","target":["https:\/\/www.motointegrator.pt\/blog\/os-melhores-automoveis-em-segunda-mao\/"]}]},{"@type":"ImageObject","inLanguage":"pt-PT","@id":"https:\/\/www.motointegrator.pt\/blog\/os-melhores-automoveis-em-segunda-mao\/#primaryimage","url":"https:\/\/www.motointegrator.pt\/blog\/wp-content\/uploads\/sites\/17\/2025\/04\/carro-usado.jpg","contentUrl":"https:\/\/www.motointegrator.pt\/blog\/wp-content\/uploads\/sites\/17\/2025\/04\/carro-usado.jpg","width":1000,"height":658,"caption":"\u00a9 Africa Studio \/ Shutterstock"},{"@type":"BreadcrumbList","@id":"https:\/\/www.motointegrator.pt\/blog\/os-melhores-automoveis-em-segunda-mao\/#breadcrumb","itemListElement":[{"@type":"ListItem","position":1,"name":"Home","item":"https:\/\/www.motointegrator.pt\/blog\/"},{"@type":"ListItem","position":2,"name":"Os melhores autom\u00f3veis em segunda m\u00e3o"}]},{"@type":"WebSite","@id":"https:\/\/www.motointegrator.pt\/blog\/#website","url":"https:\/\/www.motointegrator.pt\/blog\/","name":"Motointegrator.pt Blog","description":"O cantar dos pneus, o cheiro a gasolina, o esp\u00edrito de vit\u00f3ria, a experi\u00eancia dos carros desportivos de perto, a realiza\u00e7\u00e3o de sonhos de inf\u00e2ncia: eis o Motointegrator.","potentialAction":[{"@type":"SearchAction","target":{"@type":"EntryPoint","urlTemplate":"https:\/\/www.motointegrator.pt\/blog\/?s={search_term_string}"},"query-input":{"@type":"PropertyValueSpecification","valueRequired":true,"valueName":"search_term_string"}}],"inLanguage":"pt-PT"},{"@type":"Person","@id":"https:\/\/www.motointegrator.pt\/blog\/#\/schema\/person\/8ddcf1cb5f28a19e1858c868f7b7f709","name":"Admin","image":{"@type":"ImageObject","inLanguage":"pt-PT","@id":"https:\/\/secure.gravatar.com\/avatar\/bf7d807e5e735d343c2ec0b137b8df1a054fb2c0b8766ff4a51f13be37f30be9?s=96&d=mm&r=g","url":"https:\/\/secure.gravatar.com\/avatar\/bf7d807e5e735d343c2ec0b137b8df1a054fb2c0b8766ff4a51f13be37f30be9?s=96&d=mm&r=g","contentUrl":"https:\/\/secure.gravatar.com\/avatar\/bf7d807e5e735d343c2ec0b137b8df1a054fb2c0b8766ff4a51f13be37f30be9?s=96&d=mm&r=g","caption":"Admin"},"url":"https:\/\/www.motointegrator.pt\/blog\/author\/eva\/"}]}},"amp_enabled":true,"_links":{"self":[{"href":"https:\/\/www.motointegrator.pt\/blog\/wp-json\/wp\/v2\/posts\/338","targetHints":{"allow":["GET"]}}],"collection":[{"href":"https:\/\/www.motointegrator.pt\/blog\/wp-json\/wp\/v2\/posts"}],"about":[{"href":"https:\/\/www.motointegrator.pt\/blog\/wp-json\/wp\/v2\/types\/post"}],"author":[{"embeddable":true,"href":"https:\/\/www.motointegrator.pt\/blog\/wp-json\/wp\/v2\/users\/4"}],"replies":[{"embeddable":true,"href":"https:\/\/www.motointegrator.pt\/blog\/wp-json\/wp\/v2\/comments?post=338"}],"version-history":[{"count":7,"href":"https:\/\/www.motointegrator.pt\/blog\/wp-json\/wp\/v2\/posts\/338\/revisions"}],"predecessor-version":[{"id":17863,"href":"https:\/\/www.motointegrator.pt\/blog\/wp-json\/wp\/v2\/posts\/338\/revisions\/17863"}],"wp:featuredmedia":[{"embeddable":true,"href":"https:\/\/www.motointegrator.pt\/blog\/wp-json\/wp\/v2\/media\/17861"}],"wp:attachment":[{"href":"https:\/\/www.motointegrator.pt\/blog\/wp-json\/wp\/v2\/media?parent=338"}],"wp:term":[{"taxonomy":"category","embeddable":true,"href":"https:\/\/www.motointegrator.pt\/blog\/wp-json\/wp\/v2\/categories?post=338"},{"taxonomy":"post_tag","embeddable":true,"href":"https:\/\/www.motointegrator.pt\/blog\/wp-json\/wp\/v2\/tags?post=338"}],"curies":[{"name":"wp","href":"https:\/\/api.w.org\/{rel}","templated":true}]}}