{"id":341,"date":"2024-12-21T09:16:39","date_gmt":"2024-12-21T09:16:39","guid":{"rendered":"https:\/\/www.motointegrator.pt\/blog\/\/?p=341"},"modified":"2026-07-23T12:18:53","modified_gmt":"2026-07-23T12:18:53","slug":"os-melhores-passeios-de-mota-na-europa","status":"publish","type":"post","link":"https:\/\/www.motointegrator.pt\/blog\/os-melhores-passeios-de-mota-na-europa\/","title":{"rendered":"Os melhores passeios de mota na Europa"},"content":{"rendered":"<h2>Os 5 passeios de mota mais bonitas da Europa<\/h2>\n<h3>Passeios de mota pelo Tirol<\/h3>\n<p>H\u00e1 muito para descobrir \u00e0 volta de Innsbruck, a capital do Tirol, e a regi\u00e3o \u00e9 muito divertida para explorar numa mota. Descobre o Vale do Inn num passeio cl\u00e1ssico de mota. O Brenner Pass \u00e9 uma passagem de montanha que oferece vistas espectaculares. Os motociclistas mais experientes podem depois percorrer a sinuosa e desafiante rota de Timmelsjoch. Um panorama fascinante recompensa o teu esfor\u00e7o. A estrada com portagem do glaciar de \u00d6tztal atravessa a pitoresca regi\u00e3o de esqui antes de chegar ao vale de \u00d6tztal via S\u00f6lden e Langenfeld. Finalmente, o regresso a Innsbruck faz-se por Oetz, K\u00fchtai e Axams.<\/p>\n<h3>Passeio de mota no Lago de Garda<\/h3>\n<p>O Lago de Garda \u00e9 um destino de f\u00e9rias popular entre os motociclistas. Um passeio de mota pelo Lago de Garda oferece uma variedade de paisagens e panoramas fascinantes. O ponto de partida \u00e9, por exemplo, Riva del Garda, na margem norte do lago, de onde podes seguir a margem oeste at\u00e9 \u00e0 rom\u00e2ntica cidade de Limone. A Gardesana Occidentale segue depois ao longo da margem do Lago de Garda, oferecendo vistas magn\u00edficas. O percurso sobe depois at\u00e9 ao planalto, onde o panorama \u00e9 de cortar a respira\u00e7\u00e3o. No vale, o percurso continua at\u00e9 Toscolano-Maderno, onde vale a pena encurtar a viagem de moto apanhando o ferry para a margem oriental. Os trilhos para motos ao longo do Monte Baldo s\u00e3o os preferidos da maioria dos motociclistas. O regresso a Nago-Torbole faz-se por Gardesane Orientale.<\/p>\n<h3>Passeio pelas Dolomitas<\/h3>\n<p>As Dolomitas, com as suas estradas sinuosas e variadas, s\u00e3o ideais para fazeres uma excurs\u00e3o de moto. Oferecem curvas espectaculares, numerosos volteios e charmosos caminhos de montanha, que atraem muitos motociclistas, especialmente no ver\u00e3o. Uma viagem \u00e0s Dolomitas \u00e9 puro prazer. As estradas de montanha do Tirol do Sul oferecem-te vistas fascinantes e um magn\u00edfico panorama alpino. Existem v\u00e1rias rotas adequadas para a pr\u00e1tica do motociclismo. \u00c9 especialmente interessante viajar de Alpe di Siusi pelo desfiladeiro do N\u00edger at\u00e9 Cavalese, e depois voltar pelo Gr\u00f6dnertal via Moena e Sellajoch.<\/p>\n<div class=\"product-slider\" style=\"--swiper-theme-color: #d80812;--swiper-navigation-size: 22px;--swiper-navigation-sides-offset: -25px;\"><div class=\"slider-title\"><svg id=\"fi_9219671\" enable-background=\"new 0 0 64 64\" height=\"512\" viewBox=\"0 0 64 64\" width=\"512\" xmlns=\"http:\/\/www.w3.org\/2000\/svg\"><g><g><path d=\"m25.308 61.679c-3.514 0-6.373-2.859-6.373-6.373s2.859-6.372 6.373-6.372 6.373 2.858 6.373 6.372-2.859 6.373-6.373 6.373zm0-8.745c-1.308 0-2.373 1.064-2.373 2.372 0 1.309 1.064 2.373 2.373 2.373s2.373-1.064 2.373-2.373c0-1.308-1.064-2.372-2.373-2.372z\"><\/path><path d=\"m47.462 61.679c-3.514 0-6.372-2.859-6.372-6.373s2.858-6.372 6.372-6.372 6.373 2.858 6.373 6.372-2.86 6.373-6.373 6.373zm0-8.745c-1.308 0-2.372 1.064-2.372 2.372 0 1.309 1.064 2.373 2.372 2.373 1.309 0 2.373-1.064 2.373-2.373 0-1.308-1.065-2.372-2.373-2.372z\"><\/path><\/g><path d=\"m52.128 43.994h-31.419c-3.057 0-5.668-2.081-6.35-5.061l-6.521-28.477c-.086-.376-.346-.698-.696-.86l-5.409-2.507c-1.252-.58-1.797-2.066-1.217-3.319.58-1.252 2.067-1.797 3.319-1.217l5.409 2.507c1.743.807 3.04 2.407 3.468 4.28l6.521 28.479c.158.692.765 1.176 1.476 1.176h31.419c.708 0 1.314-.481 1.476-1.171l5.07-21.813c.145-.62-.119-1.071-.288-1.284-.17-.214-.55-.572-1.186-.572h-37c-1.381 0-2.5-1.119-2.5-2.5s1.119-2.5 2.5-2.5h37c1.999 0 3.857.897 5.101 2.462s1.696 3.579 1.244 5.526l-5.071 21.814c-.691 2.965-3.3 5.037-6.346 5.037z\"><\/path><\/g><\/svg><h2>Solicite pe\u00e7as de reposi\u00e7\u00e3o para seu ve\u00edculo<\/h2><\/div><div class=\"swiper\"><div class=\"swiper-wrapper\"><div class=\"swiper-slide product\"><img decoding=\"async\" src=\"https:\/\/ic-files-res.cloudinary.com\/image\/upload\/t_pad_white1200x1200v1\/v1\/item\/frm3xzjkkb247esvtvvm.jpg\" alt=\"22587\" \/><a class=\"line-clamp-title\" href=\"https:\/\/www.motointegrator.pt\/produto\/489320-disco-de-travao-brembo-09d42311-frente-ventilado-altamente-carbonizado-1-peca\" target=\"_blank\">Disco de trav\u00e3o BREMBO 09D42311 frente, ventilado, altamente carbonizado, 1 Pe\u00e7a<\/a><p>Brembo<\/p><div class=\"price-container\"><p class=\"price\">107.78 EUR<\/p><button class=\"price-button\"><svg id=\"fi_9219671\" enable-background=\"new 0 0 64 64\" height=\"512\" viewBox=\"0 0 64 64\" width=\"512\" xmlns=\"http:\/\/www.w3.org\/2000\/svg\"><g><g><path d=\"m25.308 61.679c-3.514 0-6.373-2.859-6.373-6.373s2.859-6.372 6.373-6.372 6.373 2.858 6.373 6.372-2.859 6.373-6.373 6.373zm0-8.745c-1.308 0-2.373 1.064-2.373 2.372 0 1.309 1.064 2.373 2.373 2.373s2.373-1.064 2.373-2.373c0-1.308-1.064-2.372-2.373-2.372z\"><\/path><path d=\"m47.462 61.679c-3.514 0-6.372-2.859-6.372-6.373s2.858-6.372 6.372-6.372 6.373 2.858 6.373 6.372-2.86 6.373-6.373 6.373zm0-8.745c-1.308 0-2.372 1.064-2.372 2.372 0 1.309 1.064 2.373 2.372 2.373 1.309 0 2.373-1.064 2.373-2.373 0-1.308-1.065-2.372-2.373-2.372z\"><\/path><\/g><path d=\"m52.128 43.994h-31.419c-3.057 0-5.668-2.081-6.35-5.061l-6.521-28.477c-.086-.376-.346-.698-.696-.86l-5.409-2.507c-1.252-.58-1.797-2.066-1.217-3.319.58-1.252 2.067-1.797 3.319-1.217l5.409 2.507c1.743.807 3.04 2.407 3.468 4.28l6.521 28.479c.158.692.765 1.176 1.476 1.176h31.419c.708 0 1.314-.481 1.476-1.171l5.07-21.813c.145-.62-.119-1.071-.288-1.284-.17-.214-.55-.572-1.186-.572h-37c-1.381 0-2.5-1.119-2.5-2.5s1.119-2.5 2.5-2.5h37c1.999 0 3.857.897 5.101 2.462s1.696 3.579 1.244 5.526l-5.071 21.814c-.691 2.965-3.3 5.037-6.346 5.037z\"><\/path><\/g><\/svg><path stroke-linecap=\"round\" stroke-linejoin=\"round\" d=\"m8.25 4.5 7.5 7.5-7.5 7.5\" \/><\/svg><\/button><\/div><p class=\"price-info\">Inclui IVA, sem portes de envio<\/p><\/div><div class=\"swiper-slide product\"><img decoding=\"async\" src=\"https:\/\/ic-files-res.cloudinary.com\/image\/upload\/t_pad_white1200x1200v1\/v1\/item\/lq7zvsztnvuza9khvuie.jpg\" alt=\"24899\" \/><a class=\"line-clamp-title\" href=\"https:\/\/www.motointegrator.pt\/produto\/136120-kit-de-correia-de-distribuicao-correia-polia-bomba-de-liquido-ina-530-0699-31\" target=\"_blank\">Kit de correia de distribui\u00e7\u00e3o (correia + polia + bomba de l\u00edquido) INA 530 0699 31<\/a><p>Schaeffler Ina<\/p><div class=\"price-container\"><p class=\"price\">134.00 EUR<\/p><button class=\"price-button\"><svg id=\"fi_9219671\" enable-background=\"new 0 0 64 64\" height=\"512\" viewBox=\"0 0 64 64\" width=\"512\" xmlns=\"http:\/\/www.w3.org\/2000\/svg\"><g><g><path d=\"m25.308 61.679c-3.514 0-6.373-2.859-6.373-6.373s2.859-6.372 6.373-6.372 6.373 2.858 6.373 6.372-2.859 6.373-6.373 6.373zm0-8.745c-1.308 0-2.373 1.064-2.373 2.372 0 1.309 1.064 2.373 2.373 2.373s2.373-1.064 2.373-2.373c0-1.308-1.064-2.372-2.373-2.372z\"><\/path><path d=\"m47.462 61.679c-3.514 0-6.372-2.859-6.372-6.373s2.858-6.372 6.372-6.372 6.373 2.858 6.373 6.372-2.86 6.373-6.373 6.373zm0-8.745c-1.308 0-2.372 1.064-2.372 2.372 0 1.309 1.064 2.373 2.372 2.373 1.309 0 2.373-1.064 2.373-2.373 0-1.308-1.065-2.372-2.373-2.372z\"><\/path><\/g><path d=\"m52.128 43.994h-31.419c-3.057 0-5.668-2.081-6.35-5.061l-6.521-28.477c-.086-.376-.346-.698-.696-.86l-5.409-2.507c-1.252-.58-1.797-2.066-1.217-3.319.58-1.252 2.067-1.797 3.319-1.217l5.409 2.507c1.743.807 3.04 2.407 3.468 4.28l6.521 28.479c.158.692.765 1.176 1.476 1.176h31.419c.708 0 1.314-.481 1.476-1.171l5.07-21.813c.145-.62-.119-1.071-.288-1.284-.17-.214-.55-.572-1.186-.572h-37c-1.381 0-2.5-1.119-2.5-2.5s1.119-2.5 2.5-2.5h37c1.999 0 3.857.897 5.101 2.462s1.696 3.579 1.244 5.526l-5.071 21.814c-.691 2.965-3.3 5.037-6.346 5.037z\"><\/path><\/g><\/svg><path stroke-linecap=\"round\" stroke-linejoin=\"round\" d=\"m8.25 4.5 7.5 7.5-7.5 7.5\" \/><\/svg><\/button><\/div><p class=\"price-info\">Inclui IVA, sem portes de envio<\/p><\/div><div class=\"swiper-slide product\"><img decoding=\"async\" src=\"https:\/\/ic-files-res.cloudinary.com\/image\/upload\/t_pad_white1200x1200v1\/v1\/item\/denhdiosxs7pznjdqn3o.jpg\" alt=\"20998\" \/><a class=\"line-clamp-title\" href=\"https:\/\/www.motointegrator.pt\/produto\/552681-farol-principal-hella-1eg-246-041-021-direito\" target=\"_blank\">Farol principal HELLA 1EG 246 041-021, direito<\/a><p>Hella<\/p><div class=\"price-container\"><p class=\"price\">155.49 EUR<\/p><button class=\"price-button\"><svg id=\"fi_9219671\" enable-background=\"new 0 0 64 64\" height=\"512\" viewBox=\"0 0 64 64\" width=\"512\" xmlns=\"http:\/\/www.w3.org\/2000\/svg\"><g><g><path d=\"m25.308 61.679c-3.514 0-6.373-2.859-6.373-6.373s2.859-6.372 6.373-6.372 6.373 2.858 6.373 6.372-2.859 6.373-6.373 6.373zm0-8.745c-1.308 0-2.373 1.064-2.373 2.372 0 1.309 1.064 2.373 2.373 2.373s2.373-1.064 2.373-2.373c0-1.308-1.064-2.372-2.373-2.372z\"><\/path><path d=\"m47.462 61.679c-3.514 0-6.372-2.859-6.372-6.373s2.858-6.372 6.372-6.372 6.373 2.858 6.373 6.372-2.86 6.373-6.373 6.373zm0-8.745c-1.308 0-2.372 1.064-2.372 2.372 0 1.309 1.064 2.373 2.372 2.373 1.309 0 2.373-1.064 2.373-2.373 0-1.308-1.065-2.372-2.373-2.372z\"><\/path><\/g><path d=\"m52.128 43.994h-31.419c-3.057 0-5.668-2.081-6.35-5.061l-6.521-28.477c-.086-.376-.346-.698-.696-.86l-5.409-2.507c-1.252-.58-1.797-2.066-1.217-3.319.58-1.252 2.067-1.797 3.319-1.217l5.409 2.507c1.743.807 3.04 2.407 3.468 4.28l6.521 28.479c.158.692.765 1.176 1.476 1.176h31.419c.708 0 1.314-.481 1.476-1.171l5.07-21.813c.145-.62-.119-1.071-.288-1.284-.17-.214-.55-.572-1.186-.572h-37c-1.381 0-2.5-1.119-2.5-2.5s1.119-2.5 2.5-2.5h37c1.999 0 3.857.897 5.101 2.462s1.696 3.579 1.244 5.526l-5.071 21.814c-.691 2.965-3.3 5.037-6.346 5.037z\"><\/path><\/g><\/svg><path stroke-linecap=\"round\" stroke-linejoin=\"round\" d=\"m8.25 4.5 7.5 7.5-7.5 7.5\" \/><\/svg><\/button><\/div><p class=\"price-info\">Inclui IVA, sem portes de envio<\/p><\/div><div class=\"swiper-slide product\"><img decoding=\"async\" src=\"https:\/\/ic-files-res.cloudinary.com\/image\/upload\/t_pad_white1200x1200v1\/v1\/item\/irc7i0zcnuogma2dbibp.jpg\" alt=\"30109\" \/><a class=\"line-clamp-title\" href=\"https:\/\/www.motointegrator.pt\/produto\/451894-disco-de-travao-ate-240122-01221-frente-ventilado-altamente-carbonizado-1-peca\" target=\"_blank\">Disco de trav\u00e3o ATE 24.0122-0122.1 frente, ventilado, altamente carbonizado, 1 Pe\u00e7a<\/a><p>Ate<\/p><div class=\"price-container\"><p class=\"price\">28.66 EUR<\/p><button class=\"price-button\"><svg id=\"fi_9219671\" enable-background=\"new 0 0 64 64\" height=\"512\" viewBox=\"0 0 64 64\" width=\"512\" xmlns=\"http:\/\/www.w3.org\/2000\/svg\"><g><g><path d=\"m25.308 61.679c-3.514 0-6.373-2.859-6.373-6.373s2.859-6.372 6.373-6.372 6.373 2.858 6.373 6.372-2.859 6.373-6.373 6.373zm0-8.745c-1.308 0-2.373 1.064-2.373 2.372 0 1.309 1.064 2.373 2.373 2.373s2.373-1.064 2.373-2.373c0-1.308-1.064-2.372-2.373-2.372z\"><\/path><path d=\"m47.462 61.679c-3.514 0-6.372-2.859-6.372-6.373s2.858-6.372 6.372-6.372 6.373 2.858 6.373 6.372-2.86 6.373-6.373 6.373zm0-8.745c-1.308 0-2.372 1.064-2.372 2.372 0 1.309 1.064 2.373 2.372 2.373 1.309 0 2.373-1.064 2.373-2.373 0-1.308-1.065-2.372-2.373-2.372z\"><\/path><\/g><path d=\"m52.128 43.994h-31.419c-3.057 0-5.668-2.081-6.35-5.061l-6.521-28.477c-.086-.376-.346-.698-.696-.86l-5.409-2.507c-1.252-.58-1.797-2.066-1.217-3.319.58-1.252 2.067-1.797 3.319-1.217l5.409 2.507c1.743.807 3.04 2.407 3.468 4.28l6.521 28.479c.158.692.765 1.176 1.476 1.176h31.419c.708 0 1.314-.481 1.476-1.171l5.07-21.813c.145-.62-.119-1.071-.288-1.284-.17-.214-.55-.572-1.186-.572h-37c-1.381 0-2.5-1.119-2.5-2.5s1.119-2.5 2.5-2.5h37c1.999 0 3.857.897 5.101 2.462s1.696 3.579 1.244 5.526l-5.071 21.814c-.691 2.965-3.3 5.037-6.346 5.037z\"><\/path><\/g><\/svg><path stroke-linecap=\"round\" stroke-linejoin=\"round\" d=\"m8.25 4.5 7.5 7.5-7.5 7.5\" \/><\/svg><\/button><\/div><p class=\"price-info\">Inclui IVA, sem portes de envio<\/p><\/div><div class=\"swiper-slide product\"><img decoding=\"async\" src=\"https:\/\/ic-files-res.cloudinary.com\/image\/upload\/t_pad_white1200x1200v1\/v1\/item\/lfqsu8qzpq9x4i4xzsmn.jpg\" alt=\"19505\" \/><a class=\"line-clamp-title\" href=\"https:\/\/www.motointegrator.pt\/produto\/681353-filtro-de-ar-febi-bilstein-27024\" target=\"_blank\">Filtro de ar FEBI BILSTEIN 27024<\/a><p>Febi Bilstein<\/p><div class=\"price-container\"><p class=\"price\">11.60 EUR<\/p><button class=\"price-button\"><svg id=\"fi_9219671\" enable-background=\"new 0 0 64 64\" height=\"512\" viewBox=\"0 0 64 64\" width=\"512\" xmlns=\"http:\/\/www.w3.org\/2000\/svg\"><g><g><path d=\"m25.308 61.679c-3.514 0-6.373-2.859-6.373-6.373s2.859-6.372 6.373-6.372 6.373 2.858 6.373 6.372-2.859 6.373-6.373 6.373zm0-8.745c-1.308 0-2.373 1.064-2.373 2.372 0 1.309 1.064 2.373 2.373 2.373s2.373-1.064 2.373-2.373c0-1.308-1.064-2.372-2.373-2.372z\"><\/path><path d=\"m47.462 61.679c-3.514 0-6.372-2.859-6.372-6.373s2.858-6.372 6.372-6.372 6.373 2.858 6.373 6.372-2.86 6.373-6.373 6.373zm0-8.745c-1.308 0-2.372 1.064-2.372 2.372 0 1.309 1.064 2.373 2.372 2.373 1.309 0 2.373-1.064 2.373-2.373 0-1.308-1.065-2.372-2.373-2.372z\"><\/path><\/g><path d=\"m52.128 43.994h-31.419c-3.057 0-5.668-2.081-6.35-5.061l-6.521-28.477c-.086-.376-.346-.698-.696-.86l-5.409-2.507c-1.252-.58-1.797-2.066-1.217-3.319.58-1.252 2.067-1.797 3.319-1.217l5.409 2.507c1.743.807 3.04 2.407 3.468 4.28l6.521 28.479c.158.692.765 1.176 1.476 1.176h31.419c.708 0 1.314-.481 1.476-1.171l5.07-21.813c.145-.62-.119-1.071-.288-1.284-.17-.214-.55-.572-1.186-.572h-37c-1.381 0-2.5-1.119-2.5-2.5s1.119-2.5 2.5-2.5h37c1.999 0 3.857.897 5.101 2.462s1.696 3.579 1.244 5.526l-5.071 21.814c-.691 2.965-3.3 5.037-6.346 5.037z\"><\/path><\/g><\/svg><path stroke-linecap=\"round\" stroke-linejoin=\"round\" d=\"m8.25 4.5 7.5 7.5-7.5 7.5\" \/><\/svg><\/button><\/div><p class=\"price-info\">Inclui IVA, sem portes de envio<\/p><\/div><div class=\"swiper-slide product\"><img decoding=\"async\" src=\"https:\/\/ic-files-res.cloudinary.com\/image\/upload\/t_pad_white1200x1200v1\/v1\/item\/qihjukeqhmtexubsodii.jpg\" alt=\"22024\" \/><a class=\"line-clamp-title\" href=\"https:\/\/www.motointegrator.pt\/produto\/286546-mola-a-gas-porta-bagagenscompartimento-de-carga-stabilus-167812\" target=\"_blank\">Mola a g\u00e1s, porta-bagagens\/compartimento de carga STABILUS 167812<\/a><p>Stabilus<\/p><div class=\"price-container\"><p class=\"price\">12.45 EUR<\/p><button class=\"price-button\"><svg id=\"fi_9219671\" enable-background=\"new 0 0 64 64\" height=\"512\" viewBox=\"0 0 64 64\" width=\"512\" xmlns=\"http:\/\/www.w3.org\/2000\/svg\"><g><g><path d=\"m25.308 61.679c-3.514 0-6.373-2.859-6.373-6.373s2.859-6.372 6.373-6.372 6.373 2.858 6.373 6.372-2.859 6.373-6.373 6.373zm0-8.745c-1.308 0-2.373 1.064-2.373 2.372 0 1.309 1.064 2.373 2.373 2.373s2.373-1.064 2.373-2.373c0-1.308-1.064-2.372-2.373-2.372z\"><\/path><path d=\"m47.462 61.679c-3.514 0-6.372-2.859-6.372-6.373s2.858-6.372 6.372-6.372 6.373 2.858 6.373 6.372-2.86 6.373-6.373 6.373zm0-8.745c-1.308 0-2.372 1.064-2.372 2.372 0 1.309 1.064 2.373 2.372 2.373 1.309 0 2.373-1.064 2.373-2.373 0-1.308-1.065-2.372-2.373-2.372z\"><\/path><\/g><path d=\"m52.128 43.994h-31.419c-3.057 0-5.668-2.081-6.35-5.061l-6.521-28.477c-.086-.376-.346-.698-.696-.86l-5.409-2.507c-1.252-.58-1.797-2.066-1.217-3.319.58-1.252 2.067-1.797 3.319-1.217l5.409 2.507c1.743.807 3.04 2.407 3.468 4.28l6.521 28.479c.158.692.765 1.176 1.476 1.176h31.419c.708 0 1.314-.481 1.476-1.171l5.07-21.813c.145-.62-.119-1.071-.288-1.284-.17-.214-.55-.572-1.186-.572h-37c-1.381 0-2.5-1.119-2.5-2.5s1.119-2.5 2.5-2.5h37c1.999 0 3.857.897 5.101 2.462s1.696 3.579 1.244 5.526l-5.071 21.814c-.691 2.965-3.3 5.037-6.346 5.037z\"><\/path><\/g><\/svg><path stroke-linecap=\"round\" stroke-linejoin=\"round\" d=\"m8.25 4.5 7.5 7.5-7.5 7.5\" \/><\/svg><\/button><\/div><p class=\"price-info\">Inclui IVA, sem portes de envio<\/p><\/div><div class=\"swiper-slide product\"><img decoding=\"async\" src=\"https:\/\/ic-files-res.cloudinary.com\/image\/upload\/t_pad_white1200x1200v1\/v1\/item\/cvv2imtogsqfhaq12ksl.jpg\" alt=\"31455\" \/><a class=\"line-clamp-title\" href=\"https:\/\/www.motointegrator.pt\/produto\/238577-rolamento-motor-lemfoerder-25406-01\" target=\"_blank\">Rolamento, motor LEMF\u00d6RDER 25406 01<\/a><p>Lemfoerder<\/p><div class=\"price-container\"><p class=\"price\">35.89 EUR<\/p><button class=\"price-button\"><svg id=\"fi_9219671\" enable-background=\"new 0 0 64 64\" height=\"512\" viewBox=\"0 0 64 64\" width=\"512\" xmlns=\"http:\/\/www.w3.org\/2000\/svg\"><g><g><path d=\"m25.308 61.679c-3.514 0-6.373-2.859-6.373-6.373s2.859-6.372 6.373-6.372 6.373 2.858 6.373 6.372-2.859 6.373-6.373 6.373zm0-8.745c-1.308 0-2.373 1.064-2.373 2.372 0 1.309 1.064 2.373 2.373 2.373s2.373-1.064 2.373-2.373c0-1.308-1.064-2.372-2.373-2.372z\"><\/path><path d=\"m47.462 61.679c-3.514 0-6.372-2.859-6.372-6.373s2.858-6.372 6.372-6.372 6.373 2.858 6.373 6.372-2.86 6.373-6.373 6.373zm0-8.745c-1.308 0-2.372 1.064-2.372 2.372 0 1.309 1.064 2.373 2.372 2.373 1.309 0 2.373-1.064 2.373-2.373 0-1.308-1.065-2.372-2.373-2.372z\"><\/path><\/g><path d=\"m52.128 43.994h-31.419c-3.057 0-5.668-2.081-6.35-5.061l-6.521-28.477c-.086-.376-.346-.698-.696-.86l-5.409-2.507c-1.252-.58-1.797-2.066-1.217-3.319.58-1.252 2.067-1.797 3.319-1.217l5.409 2.507c1.743.807 3.04 2.407 3.468 4.28l6.521 28.479c.158.692.765 1.176 1.476 1.176h31.419c.708 0 1.314-.481 1.476-1.171l5.07-21.813c.145-.62-.119-1.071-.288-1.284-.17-.214-.55-.572-1.186-.572h-37c-1.381 0-2.5-1.119-2.5-2.5s1.119-2.5 2.5-2.5h37c1.999 0 3.857.897 5.101 2.462s1.696 3.579 1.244 5.526l-5.071 21.814c-.691 2.965-3.3 5.037-6.346 5.037z\"><\/path><\/g><\/svg><path stroke-linecap=\"round\" stroke-linejoin=\"round\" d=\"m8.25 4.5 7.5 7.5-7.5 7.5\" \/><\/svg><\/button><\/div><p class=\"price-info\">Inclui IVA, sem portes de envio<\/p><\/div><div class=\"swiper-slide product\"><img decoding=\"async\" src=\"https:\/\/ic-files-res.cloudinary.com\/image\/upload\/t_pad_white1200x1200v1\/v1\/item\/rnnji8djn5iv4wps1qfw.jpg\" alt=\"29303\" \/><a class=\"line-clamp-title\" href=\"https:\/\/www.motointegrator.pt\/produto\/31232-conjunto-de-juntas-veio-de-transmissao-meyle-kit-100-498-0064\" target=\"_blank\">Conjunto de juntas, veio de transmiss\u00e3o MEYLE KIT 100 498 0064<\/a><p>Meyle<\/p><div class=\"price-container\"><p class=\"price\">24.19 EUR<\/p><button class=\"price-button\"><svg id=\"fi_9219671\" enable-background=\"new 0 0 64 64\" height=\"512\" viewBox=\"0 0 64 64\" width=\"512\" xmlns=\"http:\/\/www.w3.org\/2000\/svg\"><g><g><path d=\"m25.308 61.679c-3.514 0-6.373-2.859-6.373-6.373s2.859-6.372 6.373-6.372 6.373 2.858 6.373 6.372-2.859 6.373-6.373 6.373zm0-8.745c-1.308 0-2.373 1.064-2.373 2.372 0 1.309 1.064 2.373 2.373 2.373s2.373-1.064 2.373-2.373c0-1.308-1.064-2.372-2.373-2.372z\"><\/path><path d=\"m47.462 61.679c-3.514 0-6.372-2.859-6.372-6.373s2.858-6.372 6.372-6.372 6.373 2.858 6.373 6.372-2.86 6.373-6.373 6.373zm0-8.745c-1.308 0-2.372 1.064-2.372 2.372 0 1.309 1.064 2.373 2.372 2.373 1.309 0 2.373-1.064 2.373-2.373 0-1.308-1.065-2.372-2.373-2.372z\"><\/path><\/g><path d=\"m52.128 43.994h-31.419c-3.057 0-5.668-2.081-6.35-5.061l-6.521-28.477c-.086-.376-.346-.698-.696-.86l-5.409-2.507c-1.252-.58-1.797-2.066-1.217-3.319.58-1.252 2.067-1.797 3.319-1.217l5.409 2.507c1.743.807 3.04 2.407 3.468 4.28l6.521 28.479c.158.692.765 1.176 1.476 1.176h31.419c.708 0 1.314-.481 1.476-1.171l5.07-21.813c.145-.62-.119-1.071-.288-1.284-.17-.214-.55-.572-1.186-.572h-37c-1.381 0-2.5-1.119-2.5-2.5s1.119-2.5 2.5-2.5h37c1.999 0 3.857.897 5.101 2.462s1.696 3.579 1.244 5.526l-5.071 21.814c-.691 2.965-3.3 5.037-6.346 5.037z\"><\/path><\/g><\/svg><path stroke-linecap=\"round\" stroke-linejoin=\"round\" d=\"m8.25 4.5 7.5 7.5-7.5 7.5\" \/><\/svg><\/button><\/div><p class=\"price-info\">Inclui IVA, sem portes de envio<\/p><\/div><div class=\"swiper-slide product\"><img decoding=\"async\" src=\"https:\/\/ic-files-res.cloudinary.com\/image\/upload\/t_pad_white1200x1200v1\/v1\/item\/btwpdcwpez9uvfqrr2ue.jpg\" alt=\"26555\" \/><a class=\"line-clamp-title\" href=\"https:\/\/www.motointegrator.pt\/produto\/285875-mola-a-gas-porta-bagagenscompartimento-de-carga-stabilus-2616bk\" target=\"_blank\">Mola a g\u00e1s, porta-bagagens\/compartimento de carga STABILUS 2616BK<\/a><p>Stabilus<\/p><div class=\"price-container\"><p class=\"price\">13.99 EUR<\/p><button class=\"price-button\"><svg id=\"fi_9219671\" enable-background=\"new 0 0 64 64\" height=\"512\" viewBox=\"0 0 64 64\" width=\"512\" xmlns=\"http:\/\/www.w3.org\/2000\/svg\"><g><g><path d=\"m25.308 61.679c-3.514 0-6.373-2.859-6.373-6.373s2.859-6.372 6.373-6.372 6.373 2.858 6.373 6.372-2.859 6.373-6.373 6.373zm0-8.745c-1.308 0-2.373 1.064-2.373 2.372 0 1.309 1.064 2.373 2.373 2.373s2.373-1.064 2.373-2.373c0-1.308-1.064-2.372-2.373-2.372z\"><\/path><path d=\"m47.462 61.679c-3.514 0-6.372-2.859-6.372-6.373s2.858-6.372 6.372-6.372 6.373 2.858 6.373 6.372-2.86 6.373-6.373 6.373zm0-8.745c-1.308 0-2.372 1.064-2.372 2.372 0 1.309 1.064 2.373 2.372 2.373 1.309 0 2.373-1.064 2.373-2.373 0-1.308-1.065-2.372-2.373-2.372z\"><\/path><\/g><path d=\"m52.128 43.994h-31.419c-3.057 0-5.668-2.081-6.35-5.061l-6.521-28.477c-.086-.376-.346-.698-.696-.86l-5.409-2.507c-1.252-.58-1.797-2.066-1.217-3.319.58-1.252 2.067-1.797 3.319-1.217l5.409 2.507c1.743.807 3.04 2.407 3.468 4.28l6.521 28.479c.158.692.765 1.176 1.476 1.176h31.419c.708 0 1.314-.481 1.476-1.171l5.07-21.813c.145-.62-.119-1.071-.288-1.284-.17-.214-.55-.572-1.186-.572h-37c-1.381 0-2.5-1.119-2.5-2.5s1.119-2.5 2.5-2.5h37c1.999 0 3.857.897 5.101 2.462s1.696 3.579 1.244 5.526l-5.071 21.814c-.691 2.965-3.3 5.037-6.346 5.037z\"><\/path><\/g><\/svg><path stroke-linecap=\"round\" stroke-linejoin=\"round\" d=\"m8.25 4.5 7.5 7.5-7.5 7.5\" \/><\/svg><\/button><\/div><p class=\"price-info\">Inclui IVA, sem portes de envio<\/p><\/div><div class=\"swiper-slide product\"><img decoding=\"async\" src=\"https:\/\/ic-files-res.cloudinary.com\/image\/upload\/t_pad_white1200x1200v1\/v1\/item\/temltat3uoaatand7d7b.jpg\" alt=\"27133\" \/><a class=\"line-clamp-title\" href=\"https:\/\/www.motointegrator.pt\/produto\/404504-filtro-de-ar-mann-filter-c-17-009\" target=\"_blank\">Filtro de ar MANN-FILTER C 17 009<\/a><p>Mann-Filter<\/p><div class=\"price-container\"><p class=\"price\">14.55 EUR<\/p><button class=\"price-button\"><svg id=\"fi_9219671\" enable-background=\"new 0 0 64 64\" height=\"512\" viewBox=\"0 0 64 64\" width=\"512\" xmlns=\"http:\/\/www.w3.org\/2000\/svg\"><g><g><path d=\"m25.308 61.679c-3.514 0-6.373-2.859-6.373-6.373s2.859-6.372 6.373-6.372 6.373 2.858 6.373 6.372-2.859 6.373-6.373 6.373zm0-8.745c-1.308 0-2.373 1.064-2.373 2.372 0 1.309 1.064 2.373 2.373 2.373s2.373-1.064 2.373-2.373c0-1.308-1.064-2.372-2.373-2.372z\"><\/path><path d=\"m47.462 61.679c-3.514 0-6.372-2.859-6.372-6.373s2.858-6.372 6.372-6.372 6.373 2.858 6.373 6.372-2.86 6.373-6.373 6.373zm0-8.745c-1.308 0-2.372 1.064-2.372 2.372 0 1.309 1.064 2.373 2.372 2.373 1.309 0 2.373-1.064 2.373-2.373 0-1.308-1.065-2.372-2.373-2.372z\"><\/path><\/g><path d=\"m52.128 43.994h-31.419c-3.057 0-5.668-2.081-6.35-5.061l-6.521-28.477c-.086-.376-.346-.698-.696-.86l-5.409-2.507c-1.252-.58-1.797-2.066-1.217-3.319.58-1.252 2.067-1.797 3.319-1.217l5.409 2.507c1.743.807 3.04 2.407 3.468 4.28l6.521 28.479c.158.692.765 1.176 1.476 1.176h31.419c.708 0 1.314-.481 1.476-1.171l5.07-21.813c.145-.62-.119-1.071-.288-1.284-.17-.214-.55-.572-1.186-.572h-37c-1.381 0-2.5-1.119-2.5-2.5s1.119-2.5 2.5-2.5h37c1.999 0 3.857.897 5.101 2.462s1.696 3.579 1.244 5.526l-5.071 21.814c-.691 2.965-3.3 5.037-6.346 5.037z\"><\/path><\/g><\/svg><path stroke-linecap=\"round\" stroke-linejoin=\"round\" d=\"m8.25 4.5 7.5 7.5-7.5 7.5\" \/><\/svg><\/button><\/div><p class=\"price-info\">Inclui IVA, sem portes de envio<\/p><\/div><\/div><div class=\"swiper-pagination\"><\/div><div class=\"swiper-button-prev\"><\/div><div class=\"swiper-button-next\"><\/div><\/div><\/div>\n<h3>\ufe0fRota de mota at\u00e9 ao Mont Blanc<\/h3>\n<p>Os fascinantes Alpes franceses tamb\u00e9m s\u00e3o ideais para uma viagem de mota. A regi\u00e3o do Mont Blanc oferece passagens desafiantes, vistas fascinantes e magn\u00edficas florestas de montanha. Durante um passeio de mota pelo Mont Blanc, h\u00e1 muito para descobrir. O Col de la Forclaz, as rochas glaciares do Mont Blanc e a est\u00e2ncia de desportos de inverno de Chamonix s\u00e3o apenas alguns exemplos.<\/p>\n<p>Aten\u00e7\u00e3o: os desfiladeiros em torno do Mont-Blanc oferecem certamente vistas espectaculares e um verdadeiro prazer de condu\u00e7\u00e3o, mas muitas vezes n\u00e3o s\u00e3o acess\u00edveis ao p\u00fablico at\u00e9 ao final de maio, dependendo das condi\u00e7\u00f5es da neve.<\/p>\n<h3>Grossglockner Autoestrada Alpina da Car\u00edntia<\/h3>\n<p>Montanhas e lagos, a Car\u00edntia caracteriza-se por paisagens pitorescas e numerosos locais para relaxar. N\u00e3o admira que, todos os anos, muitos motociclistas sejam atra\u00eddos para esta atraente regi\u00e3o em torno do Grossglockner. No oeste do estado austr\u00edaco, encontra-se a estrada alpina de Grossglockner, uma verdadeira meca para os motociclistas. Sobe at\u00e9 aos 2.571 metros no Edelwei\u00dfspitze e oferece um panorama de cortar a respira\u00e7\u00e3o. A Car\u00edntia tamb\u00e9m tem muitas outras estradas pitorescas que te convidam a dar um passeio de mota.<\/p>\n<figure style=\"width: 494px\" class=\"wp-caption aligncenter\"><img decoding=\"async\" src=\"https:\/\/www.motointegrator.pt\/blog\/wp-content\/uploads\/sites\/17\/2015\/06\/shutterstock_156005225.jpg.webp\" alt=\"Passeios de mota\" width=\"494\" height=\"300\" \/><figcaption class=\"wp-caption-text\">\u00a9 Shutterstock \/ Anna Omelchenko<\/figcaption><\/figure>\n<h2>Os 3 melhores passeios de mota na Alemanha<\/h2>\n<p>Acabaste de tirar a tua mota depois do inverno e est\u00e1s a pensar no teu pr\u00f3ximo destino de viagem? Bem, tens muito por onde escolher! Os especialistas elogiam a regi\u00e3o de motociclismo de Sauerland, que consideram uma das mais belas da Alemanha. Mas a Floresta da Baviera e a Floresta do Alto Palatinado tamb\u00e9m oferecem percursos espectaculares e t\u00eam a vantagem de estar entre as regi\u00f5es menos frequentadas para caminhadas, devido \u00e0 sua localiza\u00e7\u00e3o isolada no sudeste. A costa de Hamburgo \u00e9 tamb\u00e9m um excelente destino para os motociclistas, pois mesmo sem altitudes e curvas extravagantes, encontram a sua felicidade. Os circuitos em redor da metr\u00f3pole do norte da Alemanha e ao longo das encantadoras costas do Mar do Norte e do Mar B\u00e1ltico oferecem prazeres motocicl\u00edsticos para o cora\u00e7\u00e3o e para os olhos.<\/p>\n<h2>Descobre os acess\u00f3rios para motos dispon\u00edveis na loja online Motointegrator<\/h2>\n<p>A loja online <a href=\"https:\/\/www.motointegrator.pt\/\">Motointegrator<\/a> oferece-te uma vasta gama de acess\u00f3rios de qualidade para a tua <a href=\"\/motocicletas\/\">moto<\/a>. Para al\u00e9m dos <a href=\"\/motocicletas\/produtos\/pneus-para-motas-1205\/\">pneus<\/a>, a nossa vasta gama inclui lubrificantes e produtos de manuten\u00e7\u00e3o. Tamb\u00e9m encontrar\u00e1s uma sele\u00e7\u00e3o de capacetes e outro vestu\u00e1rio para motas, para que nada te impe\u00e7a de fazer uma viagem de mota emocionante pelas estradas da Europa.<\/p>\n<h4><strong>Fonte:<\/strong><\/h4>\n<h4><a href=\"http:\/\/www.motorvision.de\/wissen\/ratgeber\/motorradtouren-europa\/\">http:\/\/www.motorvision.de\/<\/a><\/h4>\n<h4><a href=\"http:\/\/www.road-concept.eu\/index.html\">http:\/\/www.road-concept.eu\/<\/a><\/h4>\n","protected":false},"excerpt":{"rendered":"<p>Os 5 passeios de mota mais bonitas da Europa Passeios de mota pelo Tirol H\u00e1 muito para descobrir \u00e0 volta de Innsbruck, a capital do Tirol, e a regi\u00e3o \u00e9 muito divertida para explorar numa mota. Descobre o Vale do Inn num passeio cl\u00e1ssico de mota. O Brenner Pass \u00e9 uma passagem de montanha que [&hellip;]<\/p>\n","protected":false},"author":4,"featured_media":17347,"comment_status":"closed","ping_status":"closed","sticky":false,"template":"","format":"standard","meta":{"footnotes":""},"categories":[641,3301,22],"tags":[4350,4346,4345,4347,4352,4348,4351,4349],"class_list":["post-341","post","type-post","status-publish","format-standard","has-post-thumbnail","category-carrossel","category-motas","category-motocicleta","tag-belas-viagens-de-mota","tag-europe-tour-motorbike","tag-melhores-viagens-de-mota-pela-europa","tag-moto-tour-europa","tag-passeios-de-mota","tag-planeia-uma-viagem-de-moto-pela-europa","tag-rotas-de-mota","tag-viagens-de-mota-pela-europa"],"yoast_head":"<!-- This site is optimized with the Yoast SEO plugin v28.2 - https:\/\/yoast.com\/product\/yoast-seo-wordpress\/ -->\n<title>Os melhores passeios de mota na Europa<\/title>\n<meta name=\"description\" content=\"H\u00e1 muitas rotas para passeios de mota na Europa. Para muitos motociclistas, n\u00e3o h\u00e1 nada melhor do que fazer uma viagem de descoberta.\" \/>\n<meta name=\"robots\" content=\"index, follow, max-snippet:-1, max-image-preview:large, max-video-preview:-1\" \/>\n<link rel=\"canonical\" href=\"https:\/\/www.motointegrator.pt\/blog\/os-melhores-passeios-de-mota-na-europa\/\" \/>\n<meta property=\"og:locale\" content=\"pt-PT\" \/>\n<meta property=\"og:type\" content=\"article\" \/>\n<meta property=\"og:title\" content=\"Os melhores passeios de mota na Europa\" \/>\n<meta property=\"og:description\" content=\"H\u00e1 muitas rotas para passeios de mota na Europa. Para muitos motociclistas, n\u00e3o h\u00e1 nada melhor do que fazer uma viagem de descoberta.\" \/>\n<meta property=\"og:url\" content=\"https:\/\/www.motointegrator.pt\/blog\/os-melhores-passeios-de-mota-na-europa\/\" \/>\n<meta property=\"og:site_name\" content=\"Motointegrator.pt Blog\" \/>\n<meta property=\"article:published_time\" content=\"2024-12-21T09:16:39+00:00\" \/>\n<meta property=\"article:modified_time\" content=\"2026-07-23T12:18:53+00:00\" \/>\n<meta property=\"og:image\" content=\"https:\/\/www.motointegrator.pt\/blog\/wp-content\/uploads\/sites\/17\/2024\/12\/passeio-de-mota.jpg\" \/>\n\t<meta property=\"og:image:width\" content=\"1000\" \/>\n\t<meta property=\"og:image:height\" content=\"682\" \/>\n\t<meta property=\"og:image:type\" content=\"image\/jpeg\" \/>\n<meta name=\"author\" content=\"Admin\" \/>\n<meta name=\"twitter:card\" content=\"summary_large_image\" \/>\n<meta name=\"twitter:label1\" content=\"Escrito por\" \/>\n\t<meta name=\"twitter:data1\" content=\"Admin\" \/>\n\t<meta name=\"twitter:label2\" content=\"Tempo estimado de leitura\" \/>\n\t<meta name=\"twitter:data2\" content=\"5 minutos\" \/>\n<script type=\"application\/ld+json\" class=\"yoast-schema-graph\">{\"@context\":\"https:\\\/\\\/schema.org\",\"@graph\":[{\"@type\":\"Article\",\"@id\":\"https:\\\/\\\/www.motointegrator.pt\\\/blog\\\/os-melhores-passeios-de-mota-na-europa\\\/#article\",\"isPartOf\":{\"@id\":\"https:\\\/\\\/www.motointegrator.pt\\\/blog\\\/os-melhores-passeios-de-mota-na-europa\\\/\"},\"author\":{\"name\":\"Admin\",\"@id\":\"https:\\\/\\\/www.motointegrator.pt\\\/blog\\\/#\\\/schema\\\/person\\\/8ddcf1cb5f28a19e1858c868f7b7f709\"},\"headline\":\"Os melhores passeios de mota na Europa\",\"datePublished\":\"2024-12-21T09:16:39+00:00\",\"dateModified\":\"2026-07-23T12:18:53+00:00\",\"mainEntityOfPage\":{\"@id\":\"https:\\\/\\\/www.motointegrator.pt\\\/blog\\\/os-melhores-passeios-de-mota-na-europa\\\/\"},\"wordCount\":829,\"image\":{\"@id\":\"https:\\\/\\\/www.motointegrator.pt\\\/blog\\\/os-melhores-passeios-de-mota-na-europa\\\/#primaryimage\"},\"thumbnailUrl\":\"https:\\\/\\\/www.motointegrator.pt\\\/blog\\\/wp-content\\\/uploads\\\/sites\\\/17\\\/2024\\\/12\\\/passeio-de-mota.jpg\",\"keywords\":[\"belas viagens de mota\",\"europe tour motorbike\",\"melhores viagens de mota pela europa\",\"moto tour europa\",\"passeios de mota\",\"planeia uma viagem de moto pela europa\",\"rotas de mota\",\"viagens de mota pela europa\"],\"articleSection\":[\"Carrossel\",\"Motas\",\"Motocicleta\"],\"inLanguage\":\"pt-PT\"},{\"@type\":\"WebPage\",\"@id\":\"https:\\\/\\\/www.motointegrator.pt\\\/blog\\\/os-melhores-passeios-de-mota-na-europa\\\/\",\"url\":\"https:\\\/\\\/www.motointegrator.pt\\\/blog\\\/os-melhores-passeios-de-mota-na-europa\\\/\",\"name\":\"Os melhores passeios de mota na Europa\",\"isPartOf\":{\"@id\":\"https:\\\/\\\/www.motointegrator.pt\\\/blog\\\/#website\"},\"primaryImageOfPage\":{\"@id\":\"https:\\\/\\\/www.motointegrator.pt\\\/blog\\\/os-melhores-passeios-de-mota-na-europa\\\/#primaryimage\"},\"image\":{\"@id\":\"https:\\\/\\\/www.motointegrator.pt\\\/blog\\\/os-melhores-passeios-de-mota-na-europa\\\/#primaryimage\"},\"thumbnailUrl\":\"https:\\\/\\\/www.motointegrator.pt\\\/blog\\\/wp-content\\\/uploads\\\/sites\\\/17\\\/2024\\\/12\\\/passeio-de-mota.jpg\",\"datePublished\":\"2024-12-21T09:16:39+00:00\",\"dateModified\":\"2026-07-23T12:18:53+00:00\",\"author\":{\"@id\":\"https:\\\/\\\/www.motointegrator.pt\\\/blog\\\/#\\\/schema\\\/person\\\/8ddcf1cb5f28a19e1858c868f7b7f709\"},\"description\":\"H\u00e1 muitas rotas para passeios de mota na Europa. Para muitos motociclistas, n\u00e3o h\u00e1 nada melhor do que fazer uma viagem de descoberta.\",\"breadcrumb\":{\"@id\":\"https:\\\/\\\/www.motointegrator.pt\\\/blog\\\/os-melhores-passeios-de-mota-na-europa\\\/#breadcrumb\"},\"inLanguage\":\"pt-PT\",\"potentialAction\":[{\"@type\":\"ReadAction\",\"target\":[\"https:\\\/\\\/www.motointegrator.pt\\\/blog\\\/os-melhores-passeios-de-mota-na-europa\\\/\"]}]},{\"@type\":\"ImageObject\",\"inLanguage\":\"pt-PT\",\"@id\":\"https:\\\/\\\/www.motointegrator.pt\\\/blog\\\/os-melhores-passeios-de-mota-na-europa\\\/#primaryimage\",\"url\":\"https:\\\/\\\/www.motointegrator.pt\\\/blog\\\/wp-content\\\/uploads\\\/sites\\\/17\\\/2024\\\/12\\\/passeio-de-mota.jpg\",\"contentUrl\":\"https:\\\/\\\/www.motointegrator.pt\\\/blog\\\/wp-content\\\/uploads\\\/sites\\\/17\\\/2024\\\/12\\\/passeio-de-mota.jpg\",\"width\":1000,\"height\":682,\"caption\":\"\u00a9 Shutterstock \\\/ DeepGreen\"},{\"@type\":\"BreadcrumbList\",\"@id\":\"https:\\\/\\\/www.motointegrator.pt\\\/blog\\\/os-melhores-passeios-de-mota-na-europa\\\/#breadcrumb\",\"itemListElement\":[{\"@type\":\"ListItem\",\"position\":1,\"name\":\"Home\",\"item\":\"https:\\\/\\\/www.motointegrator.pt\\\/blog\\\/\"},{\"@type\":\"ListItem\",\"position\":2,\"name\":\"Os melhores passeios de mota na Europa\"}]},{\"@type\":\"WebSite\",\"@id\":\"https:\\\/\\\/www.motointegrator.pt\\\/blog\\\/#website\",\"url\":\"https:\\\/\\\/www.motointegrator.pt\\\/blog\\\/\",\"name\":\"Motointegrator.pt Blog\",\"description\":\"O cantar dos pneus, o cheiro a gasolina, o esp\u00edrito de vit\u00f3ria, a experi\u00eancia dos carros desportivos de perto, a realiza\u00e7\u00e3o de sonhos de inf\u00e2ncia: eis o Motointegrator.\",\"potentialAction\":[{\"@type\":\"SearchAction\",\"target\":{\"@type\":\"EntryPoint\",\"urlTemplate\":\"https:\\\/\\\/www.motointegrator.pt\\\/blog\\\/?s={search_term_string}\"},\"query-input\":{\"@type\":\"PropertyValueSpecification\",\"valueRequired\":true,\"valueName\":\"search_term_string\"}}],\"inLanguage\":\"pt-PT\"},{\"@type\":\"Person\",\"@id\":\"https:\\\/\\\/www.motointegrator.pt\\\/blog\\\/#\\\/schema\\\/person\\\/8ddcf1cb5f28a19e1858c868f7b7f709\",\"name\":\"Admin\",\"image\":{\"@type\":\"ImageObject\",\"inLanguage\":\"pt-PT\",\"@id\":\"https:\\\/\\\/secure.gravatar.com\\\/avatar\\\/bf7d807e5e735d343c2ec0b137b8df1a054fb2c0b8766ff4a51f13be37f30be9?s=96&d=mm&r=g\",\"url\":\"https:\\\/\\\/secure.gravatar.com\\\/avatar\\\/bf7d807e5e735d343c2ec0b137b8df1a054fb2c0b8766ff4a51f13be37f30be9?s=96&d=mm&r=g\",\"contentUrl\":\"https:\\\/\\\/secure.gravatar.com\\\/avatar\\\/bf7d807e5e735d343c2ec0b137b8df1a054fb2c0b8766ff4a51f13be37f30be9?s=96&d=mm&r=g\",\"caption\":\"Admin\"},\"url\":\"https:\\\/\\\/www.motointegrator.pt\\\/blog\\\/author\\\/eva\\\/\"}]}<\/script>\n<!-- \/ Yoast SEO plugin. -->","yoast_head_json":{"title":"Os melhores passeios de mota na Europa","description":"H\u00e1 muitas rotas para passeios de mota na Europa. Para muitos motociclistas, n\u00e3o h\u00e1 nada melhor do que fazer uma viagem de descoberta.","robots":{"index":"index","follow":"follow","max-snippet":"max-snippet:-1","max-image-preview":"max-image-preview:large","max-video-preview":"max-video-preview:-1"},"canonical":"https:\/\/www.motointegrator.pt\/blog\/os-melhores-passeios-de-mota-na-europa\/","og_locale":"pt-PT","og_type":"article","og_title":"Os melhores passeios de mota na Europa","og_description":"H\u00e1 muitas rotas para passeios de mota na Europa. Para muitos motociclistas, n\u00e3o h\u00e1 nada melhor do que fazer uma viagem de descoberta.","og_url":"https:\/\/www.motointegrator.pt\/blog\/os-melhores-passeios-de-mota-na-europa\/","og_site_name":"Motointegrator.pt Blog","article_published_time":"2024-12-21T09:16:39+00:00","article_modified_time":"2026-07-23T12:18:53+00:00","og_image":[{"width":1000,"height":682,"url":"https:\/\/www.motointegrator.pt\/blog\/wp-content\/uploads\/sites\/17\/2024\/12\/passeio-de-mota.jpg","type":"image\/jpeg"}],"author":"Admin","twitter_card":"summary_large_image","twitter_misc":{"Escrito por":"Admin","Tempo estimado de leitura":"5 minutos"},"schema":{"@context":"https:\/\/schema.org","@graph":[{"@type":"Article","@id":"https:\/\/www.motointegrator.pt\/blog\/os-melhores-passeios-de-mota-na-europa\/#article","isPartOf":{"@id":"https:\/\/www.motointegrator.pt\/blog\/os-melhores-passeios-de-mota-na-europa\/"},"author":{"name":"Admin","@id":"https:\/\/www.motointegrator.pt\/blog\/#\/schema\/person\/8ddcf1cb5f28a19e1858c868f7b7f709"},"headline":"Os melhores passeios de mota na Europa","datePublished":"2024-12-21T09:16:39+00:00","dateModified":"2026-07-23T12:18:53+00:00","mainEntityOfPage":{"@id":"https:\/\/www.motointegrator.pt\/blog\/os-melhores-passeios-de-mota-na-europa\/"},"wordCount":829,"image":{"@id":"https:\/\/www.motointegrator.pt\/blog\/os-melhores-passeios-de-mota-na-europa\/#primaryimage"},"thumbnailUrl":"https:\/\/www.motointegrator.pt\/blog\/wp-content\/uploads\/sites\/17\/2024\/12\/passeio-de-mota.jpg","keywords":["belas viagens de mota","europe tour motorbike","melhores viagens de mota pela europa","moto tour europa","passeios de mota","planeia uma viagem de moto pela europa","rotas de mota","viagens de mota pela europa"],"articleSection":["Carrossel","Motas","Motocicleta"],"inLanguage":"pt-PT"},{"@type":"WebPage","@id":"https:\/\/www.motointegrator.pt\/blog\/os-melhores-passeios-de-mota-na-europa\/","url":"https:\/\/www.motointegrator.pt\/blog\/os-melhores-passeios-de-mota-na-europa\/","name":"Os melhores passeios de mota na Europa","isPartOf":{"@id":"https:\/\/www.motointegrator.pt\/blog\/#website"},"primaryImageOfPage":{"@id":"https:\/\/www.motointegrator.pt\/blog\/os-melhores-passeios-de-mota-na-europa\/#primaryimage"},"image":{"@id":"https:\/\/www.motointegrator.pt\/blog\/os-melhores-passeios-de-mota-na-europa\/#primaryimage"},"thumbnailUrl":"https:\/\/www.motointegrator.pt\/blog\/wp-content\/uploads\/sites\/17\/2024\/12\/passeio-de-mota.jpg","datePublished":"2024-12-21T09:16:39+00:00","dateModified":"2026-07-23T12:18:53+00:00","author":{"@id":"https:\/\/www.motointegrator.pt\/blog\/#\/schema\/person\/8ddcf1cb5f28a19e1858c868f7b7f709"},"description":"H\u00e1 muitas rotas para passeios de mota na Europa. Para muitos motociclistas, n\u00e3o h\u00e1 nada melhor do que fazer uma viagem de descoberta.","breadcrumb":{"@id":"https:\/\/www.motointegrator.pt\/blog\/os-melhores-passeios-de-mota-na-europa\/#breadcrumb"},"inLanguage":"pt-PT","potentialAction":[{"@type":"ReadAction","target":["https:\/\/www.motointegrator.pt\/blog\/os-melhores-passeios-de-mota-na-europa\/"]}]},{"@type":"ImageObject","inLanguage":"pt-PT","@id":"https:\/\/www.motointegrator.pt\/blog\/os-melhores-passeios-de-mota-na-europa\/#primaryimage","url":"https:\/\/www.motointegrator.pt\/blog\/wp-content\/uploads\/sites\/17\/2024\/12\/passeio-de-mota.jpg","contentUrl":"https:\/\/www.motointegrator.pt\/blog\/wp-content\/uploads\/sites\/17\/2024\/12\/passeio-de-mota.jpg","width":1000,"height":682,"caption":"\u00a9 Shutterstock \/ DeepGreen"},{"@type":"BreadcrumbList","@id":"https:\/\/www.motointegrator.pt\/blog\/os-melhores-passeios-de-mota-na-europa\/#breadcrumb","itemListElement":[{"@type":"ListItem","position":1,"name":"Home","item":"https:\/\/www.motointegrator.pt\/blog\/"},{"@type":"ListItem","position":2,"name":"Os melhores passeios de mota na Europa"}]},{"@type":"WebSite","@id":"https:\/\/www.motointegrator.pt\/blog\/#website","url":"https:\/\/www.motointegrator.pt\/blog\/","name":"Motointegrator.pt Blog","description":"O cantar dos pneus, o cheiro a gasolina, o esp\u00edrito de vit\u00f3ria, a experi\u00eancia dos carros desportivos de perto, a realiza\u00e7\u00e3o de sonhos de inf\u00e2ncia: eis o Motointegrator.","potentialAction":[{"@type":"SearchAction","target":{"@type":"EntryPoint","urlTemplate":"https:\/\/www.motointegrator.pt\/blog\/?s={search_term_string}"},"query-input":{"@type":"PropertyValueSpecification","valueRequired":true,"valueName":"search_term_string"}}],"inLanguage":"pt-PT"},{"@type":"Person","@id":"https:\/\/www.motointegrator.pt\/blog\/#\/schema\/person\/8ddcf1cb5f28a19e1858c868f7b7f709","name":"Admin","image":{"@type":"ImageObject","inLanguage":"pt-PT","@id":"https:\/\/secure.gravatar.com\/avatar\/bf7d807e5e735d343c2ec0b137b8df1a054fb2c0b8766ff4a51f13be37f30be9?s=96&d=mm&r=g","url":"https:\/\/secure.gravatar.com\/avatar\/bf7d807e5e735d343c2ec0b137b8df1a054fb2c0b8766ff4a51f13be37f30be9?s=96&d=mm&r=g","contentUrl":"https:\/\/secure.gravatar.com\/avatar\/bf7d807e5e735d343c2ec0b137b8df1a054fb2c0b8766ff4a51f13be37f30be9?s=96&d=mm&r=g","caption":"Admin"},"url":"https:\/\/www.motointegrator.pt\/blog\/author\/eva\/"}]}},"amp_enabled":true,"_links":{"self":[{"href":"https:\/\/www.motointegrator.pt\/blog\/wp-json\/wp\/v2\/posts\/341","targetHints":{"allow":["GET"]}}],"collection":[{"href":"https:\/\/www.motointegrator.pt\/blog\/wp-json\/wp\/v2\/posts"}],"about":[{"href":"https:\/\/www.motointegrator.pt\/blog\/wp-json\/wp\/v2\/types\/post"}],"author":[{"embeddable":true,"href":"https:\/\/www.motointegrator.pt\/blog\/wp-json\/wp\/v2\/users\/4"}],"replies":[{"embeddable":true,"href":"https:\/\/www.motointegrator.pt\/blog\/wp-json\/wp\/v2\/comments?post=341"}],"version-history":[{"count":8,"href":"https:\/\/www.motointegrator.pt\/blog\/wp-json\/wp\/v2\/posts\/341\/revisions"}],"predecessor-version":[{"id":34417,"href":"https:\/\/www.motointegrator.pt\/blog\/wp-json\/wp\/v2\/posts\/341\/revisions\/34417"}],"wp:featuredmedia":[{"embeddable":true,"href":"https:\/\/www.motointegrator.pt\/blog\/wp-json\/wp\/v2\/media\/17347"}],"wp:attachment":[{"href":"https:\/\/www.motointegrator.pt\/blog\/wp-json\/wp\/v2\/media?parent=341"}],"wp:term":[{"taxonomy":"category","embeddable":true,"href":"https:\/\/www.motointegrator.pt\/blog\/wp-json\/wp\/v2\/categories?post=341"},{"taxonomy":"post_tag","embeddable":true,"href":"https:\/\/www.motointegrator.pt\/blog\/wp-json\/wp\/v2\/tags?post=341"}],"curies":[{"name":"wp","href":"https:\/\/api.w.org\/{rel}","templated":true}]}}