{"id":34576,"date":"2026-08-02T09:12:09","date_gmt":"2026-08-02T09:12:09","guid":{"rendered":"https:\/\/www.motointegrator.pt\/blog\/?p=34576"},"modified":"2026-08-17T09:16:23","modified_gmt":"2026-08-17T09:16:23","slug":"modo-de-emergencia-no-carro-posso-continuar-a-conduzir","status":"publish","type":"post","link":"https:\/\/www.motointegrator.pt\/blog\/modo-de-emergencia-no-carro-posso-continuar-a-conduzir\/","title":{"rendered":"Modo de emerg\u00eancia no carro: posso continuar a conduzir?"},"content":{"rendered":"<p>O seu carro quase n\u00e3o responde e funciona com uma pot\u00eancia muito limitada? \u00c9 poss\u00edvel que tenha ativado o modo de emerg\u00eancia. Nesta situa\u00e7\u00e3o, o motor passa a funcionar com pot\u00eancia reduzida para proteger os componentes mec\u00e2nicos. Assim, ainda pode conduzir, embora de forma limitada. Neste artigo, explicamos o significado do modo de emerg\u00eancia, se pode continuar a conduzir e como deve agir corretamente.<\/p><div id=\"ez-toc-container\" class=\"ez-toc-v2_0_86 counter-hierarchy ez-toc-counter ez-toc-grey ez-toc-container-direction\">\n<div class=\"ez-toc-title-container\">\n<p class=\"ez-toc-title\" style=\"cursor:inherit\">\u00cdndice de conte\u00fados<\/p>\n<span class=\"ez-toc-title-toggle\"><a href=\"#\" class=\"ez-toc-pull-right ez-toc-btn ez-toc-btn-xs ez-toc-btn-default ez-toc-toggle\" aria-label=\"Toggle Table of Content\"><span class=\"ez-toc-js-icon-con\"><span class=\"\"><span class=\"eztoc-hide\" style=\"display:none;\">Toggle<\/span><span class=\"ez-toc-icon-toggle-span\"><svg style=\"fill: #999;color:#999\" xmlns=\"http:\/\/www.w3.org\/2000\/svg\" class=\"list-377408\" width=\"20px\" height=\"20px\" viewBox=\"0 0 24 24\" fill=\"none\"><path d=\"M6 6H4v2h2V6zm14 0H8v2h12V6zM4 11h2v2H4v-2zm16 0H8v2h12v-2zM4 16h2v2H4v-2zm16 0H8v2h12v-2z\" fill=\"currentColor\"><\/path><\/svg><svg style=\"fill: #999;color:#999\" class=\"arrow-unsorted-368013\" xmlns=\"http:\/\/www.w3.org\/2000\/svg\" width=\"10px\" height=\"10px\" viewBox=\"0 0 24 24\" version=\"1.2\" baseProfile=\"tiny\"><path d=\"M18.2 9.3l-6.2-6.3-6.2 6.3c-.2.2-.3.4-.3.7s.1.5.3.7c.2.2.4.3.7.3h11c.3 0 .5-.1.7-.3.2-.2.3-.5.3-.7s-.1-.5-.3-.7zM5.8 14.7l6.2 6.3 6.2-6.3c.2-.2.3-.5.3-.7s-.1-.5-.3-.7c-.2-.2-.4-.3-.7-.3h-11c-.3 0-.5.1-.7.3-.2.2-.3.5-.3.7s.1.5.3.7z\"\/><\/svg><\/span><\/span><\/span><\/a><\/span><\/div>\n<nav><ul class='ez-toc-list ez-toc-list-level-1 eztoc-toggle-hide-by-default' ><li class='ez-toc-page-1 ez-toc-heading-level-2'><a class=\"ez-toc-link ez-toc-heading-1\" href=\"https:\/\/www.motointegrator.pt\/blog\/modo-de-emergencia-no-carro-posso-continuar-a-conduzir\/#O_que_e_o_modo_de_emergencia\" >O que \u00e9 o modo de emerg\u00eancia?<\/a><\/li><li class='ez-toc-page-1 ez-toc-heading-level-2'><a class=\"ez-toc-link ez-toc-heading-2\" href=\"https:\/\/www.motointegrator.pt\/blog\/modo-de-emergencia-no-carro-posso-continuar-a-conduzir\/#Modo_de_emergencia_como_reconhecer_corretamente_os_sintomas\" >Modo de emerg\u00eancia: como reconhecer corretamente os sintomas<\/a><\/li><li class='ez-toc-page-1 ez-toc-heading-level-2'><a class=\"ez-toc-link ez-toc-heading-3\" href=\"https:\/\/www.motointegrator.pt\/blog\/modo-de-emergencia-no-carro-posso-continuar-a-conduzir\/#A_que_velocidade_pode_circular_o_carro_em_modo_de_emergencia\" >A que velocidade pode circular o carro em modo de emerg\u00eancia?<\/a><\/li><li class='ez-toc-page-1 ez-toc-heading-level-2'><a class=\"ez-toc-link ez-toc-heading-4\" href=\"https:\/\/www.motointegrator.pt\/blog\/modo-de-emergencia-no-carro-posso-continuar-a-conduzir\/#Modo_de_emergencia_ativado_como_deve_agir\" >Modo de emerg\u00eancia ativado: como deve agir?<\/a><\/li><\/ul><\/nav><\/div>\n\n<h2><span class=\"ez-toc-section\" id=\"O_que_e_o_modo_de_emergencia\"><\/span>O que \u00e9 o modo de emerg\u00eancia?<span class=\"ez-toc-section-end\"><\/span><\/h2>\n<p>A centralina do seu carro controla numerosos processos que decorrem em segundo plano. Quando tudo funciona corretamente, n\u00e3o nota qualquer altera\u00e7\u00e3o. No entanto, ao detetar uma avaria grave ou valores incoerentes enviados pelos sensores, a centralina emite um aviso. O sinal mais evidente \u00e9 o acendimento da luz do motor, que indica claramente a exist\u00eancia de uma avaria.<\/p>\n<p>Perante problemas graves, a centralina ativa o modo de emerg\u00eancia. Em seguida, limita significativamente o regime do motor e a pot\u00eancia dispon\u00edvel. Consequentemente, o carro acelera muito mais devagar e permite apenas circular a baixa velocidade.<\/p>\n<p>O modo de emerg\u00eancia \u00e9 uma solu\u00e7\u00e3o tempor\u00e1ria. A redu\u00e7\u00e3o da pot\u00eancia protege os componentes mais sens\u00edveis do motor e evita danos mais graves. Ainda assim, pode continuar a conduzir de forma limitada, por exemplo, at\u00e9 casa ou at\u00e9 \u00e0 oficina mais pr\u00f3xima.<\/p>\n<h2><span class=\"ez-toc-section\" id=\"Modo_de_emergencia_como_reconhecer_corretamente_os_sintomas\"><\/span>Modo de emerg\u00eancia: como reconhecer corretamente os sintomas<span class=\"ez-toc-section-end\"><\/span><\/h2>\n<p>Para confirmar se a perda de pot\u00eancia est\u00e1 relacionada com o modo de emerg\u00eancia, deve observar os avisos do painel de instrumentos. Quando este modo \u00e9 ativado, costuma acender-se uma luz amarela, laranja ou vermelha com o s\u00edmbolo de um motor. Trata-se da luz de avaria do motor.<\/p>\n<p>Se esta luz se acender apenas ao ligar o ve\u00edculo e se apagar ap\u00f3s alguns segundos, n\u00e3o h\u00e1 motivo para preocupa\u00e7\u00e3o. No entanto, se permanecer acesa e o carro deixar de acelerar normalmente, o modo de emerg\u00eancia estar\u00e1 provavelmente ativo.<\/p>\n<h2><span class=\"ez-toc-section\" id=\"A_que_velocidade_pode_circular_o_carro_em_modo_de_emergencia\"><\/span>A que velocidade pode circular o carro em modo de emerg\u00eancia?<span class=\"ez-toc-section-end\"><\/span><\/h2>\n<p>A velocidade m\u00e1xima no modo de emerg\u00eancia depende do modelo do ve\u00edculo e do tipo de avaria. Geralmente, situa-se entre 60 e 80 km\/h. No entanto, numa subida, pode cair facilmente para 20 ou 30 km\/h. Isto acontece porque o carro necessita de mais pot\u00eancia, que n\u00e3o est\u00e1 dispon\u00edvel neste modo.<\/p>\n<p>Al\u00e9m disso, a velocidade m\u00e1xima pode ser ligeiramente inferior ou, em alguns casos, um pouco superior. Em qualquer situa\u00e7\u00e3o, a velocidade exata n\u00e3o \u00e9 o fator mais importante. O essencial \u00e9 perceber se ainda consegue chegar \u00e0 oficina, mesmo que circule muito mais devagar do que habitualmente.<\/p>\n<h2><span class=\"ez-toc-section\" id=\"Modo_de_emergencia_ativado_como_deve_agir\"><\/span>Modo de emerg\u00eancia ativado: como deve agir?<span class=\"ez-toc-section-end\"><\/span><\/h2>\n<p>Se o carro entrar em modo de emerg\u00eancia, deve verificar rapidamente os c\u00f3digos de avaria ou dirigir-se diretamente a uma oficina. Em muitos casos, a causa \u00e9 identificada rapidamente e a repara\u00e7\u00e3o necess\u00e1ria pode ser efetuada sem demora. Geralmente, o problema est\u00e1 relacionado com sensores ou v\u00e1lvulas que enviam dados incorretos ou deixam de os enviar \u00e0 centralina. Os componentes que apresentam falhas com maior frequ\u00eancia s\u00e3o:<\/p>\n<ul>\n<li>Sensor da \u00e1rvore de cames<\/li>\n<li>Sensor de press\u00e3o diferencial<\/li>\n<li>Caudal\u00edmetro<\/li>\n<li>V\u00e1lvula de controlo do turbo<\/li>\n<\/ul>\n<p>Al\u00e9m disso, os cabos ro\u00eddos por uma marta podem ativar o modo de emerg\u00eancia. Em alguns casos, pode desativar temporariamente o modo de emerg\u00eancia ao desligar e voltar a ligar o motor. Este rein\u00edcio pode repor o funcionamento normal e permitir continuar a conduzir com o desempenho habitual durante algum tempo.<\/p>\n<p>No entanto, se a avaria n\u00e3o for pontual, o problema reaparecer\u00e1 e o motor voltar\u00e1 a entrar em modo de emerg\u00eancia. Por isso, mesmo que o carro volte ao normal ap\u00f3s o rein\u00edcio, deve lev\u00e1-lo a uma oficina por precau\u00e7\u00e3o. Caso contr\u00e1rio, poder\u00e1 ficar imobilizado na estrada poucos dias depois, devido a um problema muito mais grave.<\/p>\n<p>Precisa de um caudal\u00edmetro novo? Na Motointegrator, encontra pe\u00e7as de alta qualidade e perfeitamente compat\u00edveis com o modelo do seu carro.<\/p>\n","protected":false},"excerpt":{"rendered":"<p>O seu carro quase n\u00e3o responde e funciona com uma pot\u00eancia muito limitada? \u00c9 poss\u00edvel que tenha ativado o modo de emerg\u00eancia. Nesta situa\u00e7\u00e3o, o motor passa a funcionar com pot\u00eancia reduzida para proteger os componentes mec\u00e2nicos. Assim, ainda pode conduzir, embora de forma limitada. Neste artigo, explicamos o significado do modo de emerg\u00eancia, se [&hellip;]<\/p>\n","protected":false},"author":53,"featured_media":34577,"comment_status":"closed","ping_status":"closed","sticky":false,"template":"","format":"standard","meta":{"footnotes":""},"categories":[641,508],"tags":[7041,7818,7510],"class_list":["post-34576","post","type-post","status-publish","format-standard","has-post-thumbnail","category-carrossel","category-conselhos","tag-codigos-de-erro","tag-modo-de-emergencia","tag-painel-de-instrumentos"],"yoast_head":"<!-- This site is optimized with the Yoast SEO plugin v28.2 - https:\/\/yoast.com\/product\/yoast-seo-wordpress\/ -->\n<title>Modo de emerg\u00eancia no carro: posso continuar a conduzir?<\/title>\n<meta name=\"description\" content=\"Descubra a que velocidade o seu carro pode circular no modo de emerg\u00eancia e como utiliz\u00e1-lo em seguran\u00e7a. Leia para saber mais\" \/>\n<meta name=\"robots\" content=\"index, follow, max-snippet:-1, max-image-preview:large, max-video-preview:-1\" \/>\n<link rel=\"canonical\" href=\"https:\/\/www.motointegrator.pt\/blog\/modo-de-emergencia-no-carro-posso-continuar-a-conduzir\/\" \/>\n<meta property=\"og:locale\" content=\"pt-PT\" \/>\n<meta property=\"og:type\" content=\"article\" \/>\n<meta property=\"og:title\" content=\"Modo de emerg\u00eancia no carro: posso continuar a conduzir?\" \/>\n<meta property=\"og:description\" content=\"Descubra a que velocidade o seu carro pode circular no modo de emerg\u00eancia e como utiliz\u00e1-lo em seguran\u00e7a. Leia para saber mais\" \/>\n<meta property=\"og:url\" content=\"https:\/\/www.motointegrator.pt\/blog\/modo-de-emergencia-no-carro-posso-continuar-a-conduzir\/\" \/>\n<meta property=\"og:site_name\" content=\"Motointegrator.pt Blog\" \/>\n<meta property=\"article:published_time\" content=\"2026-08-02T09:12:09+00:00\" \/>\n<meta property=\"article:modified_time\" content=\"2026-08-17T09:16:23+00:00\" \/>\n<meta property=\"og:image\" content=\"https:\/\/www.motointegrator.pt\/blog\/wp-content\/uploads\/sites\/17\/2026\/08\/Velocimetro.jpg\" \/>\n\t<meta property=\"og:image:width\" content=\"749\" \/>\n\t<meta property=\"og:image:height\" content=\"466\" \/>\n\t<meta property=\"og:image:type\" content=\"image\/jpeg\" \/>\n<meta name=\"author\" content=\"damian\" \/>\n<meta name=\"twitter:card\" content=\"summary_large_image\" \/>\n<meta name=\"twitter:label1\" content=\"Escrito por\" \/>\n\t<meta name=\"twitter:data1\" content=\"damian\" \/>\n\t<meta name=\"twitter:label2\" content=\"Tempo estimado de leitura\" \/>\n\t<meta name=\"twitter:data2\" content=\"3 minutos\" \/>\n<script type=\"application\/ld+json\" class=\"yoast-schema-graph\">{\"@context\":\"https:\\\/\\\/schema.org\",\"@graph\":[{\"@type\":\"Article\",\"@id\":\"https:\\\/\\\/www.motointegrator.pt\\\/blog\\\/modo-de-emergencia-no-carro-posso-continuar-a-conduzir\\\/#article\",\"isPartOf\":{\"@id\":\"https:\\\/\\\/www.motointegrator.pt\\\/blog\\\/modo-de-emergencia-no-carro-posso-continuar-a-conduzir\\\/\"},\"author\":{\"name\":\"damian\",\"@id\":\"https:\\\/\\\/www.motointegrator.pt\\\/blog\\\/#\\\/schema\\\/person\\\/4d7965ef030e021f79caac2cb7cadd55\"},\"headline\":\"Modo de emerg\u00eancia no carro: posso continuar a conduzir?\",\"datePublished\":\"2026-08-02T09:12:09+00:00\",\"dateModified\":\"2026-08-17T09:16:23+00:00\",\"mainEntityOfPage\":{\"@id\":\"https:\\\/\\\/www.motointegrator.pt\\\/blog\\\/modo-de-emergencia-no-carro-posso-continuar-a-conduzir\\\/\"},\"wordCount\":696,\"image\":{\"@id\":\"https:\\\/\\\/www.motointegrator.pt\\\/blog\\\/modo-de-emergencia-no-carro-posso-continuar-a-conduzir\\\/#primaryimage\"},\"thumbnailUrl\":\"https:\\\/\\\/www.motointegrator.pt\\\/blog\\\/wp-content\\\/uploads\\\/sites\\\/17\\\/2026\\\/08\\\/Velocimetro.jpg\",\"keywords\":[\"c\u00f3digos de erro\",\"modo de emerg\u00eancia\",\"painel de instrumentos\"],\"articleSection\":[\"Carrossel\",\"Conselhos\"],\"inLanguage\":\"pt-PT\"},{\"@type\":\"WebPage\",\"@id\":\"https:\\\/\\\/www.motointegrator.pt\\\/blog\\\/modo-de-emergencia-no-carro-posso-continuar-a-conduzir\\\/\",\"url\":\"https:\\\/\\\/www.motointegrator.pt\\\/blog\\\/modo-de-emergencia-no-carro-posso-continuar-a-conduzir\\\/\",\"name\":\"Modo de emerg\u00eancia no carro: posso continuar a conduzir?\",\"isPartOf\":{\"@id\":\"https:\\\/\\\/www.motointegrator.pt\\\/blog\\\/#website\"},\"primaryImageOfPage\":{\"@id\":\"https:\\\/\\\/www.motointegrator.pt\\\/blog\\\/modo-de-emergencia-no-carro-posso-continuar-a-conduzir\\\/#primaryimage\"},\"image\":{\"@id\":\"https:\\\/\\\/www.motointegrator.pt\\\/blog\\\/modo-de-emergencia-no-carro-posso-continuar-a-conduzir\\\/#primaryimage\"},\"thumbnailUrl\":\"https:\\\/\\\/www.motointegrator.pt\\\/blog\\\/wp-content\\\/uploads\\\/sites\\\/17\\\/2026\\\/08\\\/Velocimetro.jpg\",\"datePublished\":\"2026-08-02T09:12:09+00:00\",\"dateModified\":\"2026-08-17T09:16:23+00:00\",\"author\":{\"@id\":\"https:\\\/\\\/www.motointegrator.pt\\\/blog\\\/#\\\/schema\\\/person\\\/4d7965ef030e021f79caac2cb7cadd55\"},\"description\":\"Descubra a que velocidade o seu carro pode circular no modo de emerg\u00eancia e como utiliz\u00e1-lo em seguran\u00e7a. Leia para saber mais\",\"breadcrumb\":{\"@id\":\"https:\\\/\\\/www.motointegrator.pt\\\/blog\\\/modo-de-emergencia-no-carro-posso-continuar-a-conduzir\\\/#breadcrumb\"},\"inLanguage\":\"pt-PT\",\"potentialAction\":[{\"@type\":\"ReadAction\",\"target\":[\"https:\\\/\\\/www.motointegrator.pt\\\/blog\\\/modo-de-emergencia-no-carro-posso-continuar-a-conduzir\\\/\"]}]},{\"@type\":\"ImageObject\",\"inLanguage\":\"pt-PT\",\"@id\":\"https:\\\/\\\/www.motointegrator.pt\\\/blog\\\/modo-de-emergencia-no-carro-posso-continuar-a-conduzir\\\/#primaryimage\",\"url\":\"https:\\\/\\\/www.motointegrator.pt\\\/blog\\\/wp-content\\\/uploads\\\/sites\\\/17\\\/2026\\\/08\\\/Velocimetro.jpg\",\"contentUrl\":\"https:\\\/\\\/www.motointegrator.pt\\\/blog\\\/wp-content\\\/uploads\\\/sites\\\/17\\\/2026\\\/08\\\/Velocimetro.jpg\",\"width\":749,\"height\":466,\"caption\":\"\u00a9 GettyImages \\\/ Michal Wojtkowiak\"},{\"@type\":\"BreadcrumbList\",\"@id\":\"https:\\\/\\\/www.motointegrator.pt\\\/blog\\\/modo-de-emergencia-no-carro-posso-continuar-a-conduzir\\\/#breadcrumb\",\"itemListElement\":[{\"@type\":\"ListItem\",\"position\":1,\"name\":\"Home\",\"item\":\"https:\\\/\\\/www.motointegrator.pt\\\/blog\\\/\"},{\"@type\":\"ListItem\",\"position\":2,\"name\":\"Modo de emerg\u00eancia no carro: posso continuar a conduzir?\"}]},{\"@type\":\"WebSite\",\"@id\":\"https:\\\/\\\/www.motointegrator.pt\\\/blog\\\/#website\",\"url\":\"https:\\\/\\\/www.motointegrator.pt\\\/blog\\\/\",\"name\":\"Motointegrator.pt Blog\",\"description\":\"O cantar dos pneus, o cheiro a gasolina, o esp\u00edrito de vit\u00f3ria, a experi\u00eancia dos carros desportivos de perto, a realiza\u00e7\u00e3o de sonhos de inf\u00e2ncia: eis o Motointegrator.\",\"potentialAction\":[{\"@type\":\"SearchAction\",\"target\":{\"@type\":\"EntryPoint\",\"urlTemplate\":\"https:\\\/\\\/www.motointegrator.pt\\\/blog\\\/?s={search_term_string}\"},\"query-input\":{\"@type\":\"PropertyValueSpecification\",\"valueRequired\":true,\"valueName\":\"search_term_string\"}}],\"inLanguage\":\"pt-PT\"},{\"@type\":\"Person\",\"@id\":\"https:\\\/\\\/www.motointegrator.pt\\\/blog\\\/#\\\/schema\\\/person\\\/4d7965ef030e021f79caac2cb7cadd55\",\"name\":\"damian\",\"image\":{\"@type\":\"ImageObject\",\"inLanguage\":\"pt-PT\",\"@id\":\"https:\\\/\\\/secure.gravatar.com\\\/avatar\\\/94c7d63e0b7f80565089e63dc6deab5156261c8996b2d01c4972f0fe885ed52b?s=96&d=mm&r=g\",\"url\":\"https:\\\/\\\/secure.gravatar.com\\\/avatar\\\/94c7d63e0b7f80565089e63dc6deab5156261c8996b2d01c4972f0fe885ed52b?s=96&d=mm&r=g\",\"contentUrl\":\"https:\\\/\\\/secure.gravatar.com\\\/avatar\\\/94c7d63e0b7f80565089e63dc6deab5156261c8996b2d01c4972f0fe885ed52b?s=96&d=mm&r=g\",\"caption\":\"damian\"},\"url\":\"https:\\\/\\\/www.motointegrator.pt\\\/blog\\\/author\\\/damian\\\/\"}]}<\/script>\n<!-- \/ Yoast SEO plugin. -->","yoast_head_json":{"title":"Modo de emerg\u00eancia no carro: posso continuar a conduzir?","description":"Descubra a que velocidade o seu carro pode circular no modo de emerg\u00eancia e como utiliz\u00e1-lo em seguran\u00e7a. Leia para saber mais","robots":{"index":"index","follow":"follow","max-snippet":"max-snippet:-1","max-image-preview":"max-image-preview:large","max-video-preview":"max-video-preview:-1"},"canonical":"https:\/\/www.motointegrator.pt\/blog\/modo-de-emergencia-no-carro-posso-continuar-a-conduzir\/","og_locale":"pt-PT","og_type":"article","og_title":"Modo de emerg\u00eancia no carro: posso continuar a conduzir?","og_description":"Descubra a que velocidade o seu carro pode circular no modo de emerg\u00eancia e como utiliz\u00e1-lo em seguran\u00e7a. Leia para saber mais","og_url":"https:\/\/www.motointegrator.pt\/blog\/modo-de-emergencia-no-carro-posso-continuar-a-conduzir\/","og_site_name":"Motointegrator.pt Blog","article_published_time":"2026-08-02T09:12:09+00:00","article_modified_time":"2026-08-17T09:16:23+00:00","og_image":[{"width":749,"height":466,"url":"https:\/\/www.motointegrator.pt\/blog\/wp-content\/uploads\/sites\/17\/2026\/08\/Velocimetro.jpg","type":"image\/jpeg"}],"author":"damian","twitter_card":"summary_large_image","twitter_misc":{"Escrito por":"damian","Tempo estimado de leitura":"3 minutos"},"schema":{"@context":"https:\/\/schema.org","@graph":[{"@type":"Article","@id":"https:\/\/www.motointegrator.pt\/blog\/modo-de-emergencia-no-carro-posso-continuar-a-conduzir\/#article","isPartOf":{"@id":"https:\/\/www.motointegrator.pt\/blog\/modo-de-emergencia-no-carro-posso-continuar-a-conduzir\/"},"author":{"name":"damian","@id":"https:\/\/www.motointegrator.pt\/blog\/#\/schema\/person\/4d7965ef030e021f79caac2cb7cadd55"},"headline":"Modo de emerg\u00eancia no carro: posso continuar a conduzir?","datePublished":"2026-08-02T09:12:09+00:00","dateModified":"2026-08-17T09:16:23+00:00","mainEntityOfPage":{"@id":"https:\/\/www.motointegrator.pt\/blog\/modo-de-emergencia-no-carro-posso-continuar-a-conduzir\/"},"wordCount":696,"image":{"@id":"https:\/\/www.motointegrator.pt\/blog\/modo-de-emergencia-no-carro-posso-continuar-a-conduzir\/#primaryimage"},"thumbnailUrl":"https:\/\/www.motointegrator.pt\/blog\/wp-content\/uploads\/sites\/17\/2026\/08\/Velocimetro.jpg","keywords":["c\u00f3digos de erro","modo de emerg\u00eancia","painel de instrumentos"],"articleSection":["Carrossel","Conselhos"],"inLanguage":"pt-PT"},{"@type":"WebPage","@id":"https:\/\/www.motointegrator.pt\/blog\/modo-de-emergencia-no-carro-posso-continuar-a-conduzir\/","url":"https:\/\/www.motointegrator.pt\/blog\/modo-de-emergencia-no-carro-posso-continuar-a-conduzir\/","name":"Modo de emerg\u00eancia no carro: posso continuar a conduzir?","isPartOf":{"@id":"https:\/\/www.motointegrator.pt\/blog\/#website"},"primaryImageOfPage":{"@id":"https:\/\/www.motointegrator.pt\/blog\/modo-de-emergencia-no-carro-posso-continuar-a-conduzir\/#primaryimage"},"image":{"@id":"https:\/\/www.motointegrator.pt\/blog\/modo-de-emergencia-no-carro-posso-continuar-a-conduzir\/#primaryimage"},"thumbnailUrl":"https:\/\/www.motointegrator.pt\/blog\/wp-content\/uploads\/sites\/17\/2026\/08\/Velocimetro.jpg","datePublished":"2026-08-02T09:12:09+00:00","dateModified":"2026-08-17T09:16:23+00:00","author":{"@id":"https:\/\/www.motointegrator.pt\/blog\/#\/schema\/person\/4d7965ef030e021f79caac2cb7cadd55"},"description":"Descubra a que velocidade o seu carro pode circular no modo de emerg\u00eancia e como utiliz\u00e1-lo em seguran\u00e7a. Leia para saber mais","breadcrumb":{"@id":"https:\/\/www.motointegrator.pt\/blog\/modo-de-emergencia-no-carro-posso-continuar-a-conduzir\/#breadcrumb"},"inLanguage":"pt-PT","potentialAction":[{"@type":"ReadAction","target":["https:\/\/www.motointegrator.pt\/blog\/modo-de-emergencia-no-carro-posso-continuar-a-conduzir\/"]}]},{"@type":"ImageObject","inLanguage":"pt-PT","@id":"https:\/\/www.motointegrator.pt\/blog\/modo-de-emergencia-no-carro-posso-continuar-a-conduzir\/#primaryimage","url":"https:\/\/www.motointegrator.pt\/blog\/wp-content\/uploads\/sites\/17\/2026\/08\/Velocimetro.jpg","contentUrl":"https:\/\/www.motointegrator.pt\/blog\/wp-content\/uploads\/sites\/17\/2026\/08\/Velocimetro.jpg","width":749,"height":466,"caption":"\u00a9 GettyImages \/ Michal Wojtkowiak"},{"@type":"BreadcrumbList","@id":"https:\/\/www.motointegrator.pt\/blog\/modo-de-emergencia-no-carro-posso-continuar-a-conduzir\/#breadcrumb","itemListElement":[{"@type":"ListItem","position":1,"name":"Home","item":"https:\/\/www.motointegrator.pt\/blog\/"},{"@type":"ListItem","position":2,"name":"Modo de emerg\u00eancia no carro: posso continuar a conduzir?"}]},{"@type":"WebSite","@id":"https:\/\/www.motointegrator.pt\/blog\/#website","url":"https:\/\/www.motointegrator.pt\/blog\/","name":"Motointegrator.pt Blog","description":"O cantar dos pneus, o cheiro a gasolina, o esp\u00edrito de vit\u00f3ria, a experi\u00eancia dos carros desportivos de perto, a realiza\u00e7\u00e3o de sonhos de inf\u00e2ncia: eis o Motointegrator.","potentialAction":[{"@type":"SearchAction","target":{"@type":"EntryPoint","urlTemplate":"https:\/\/www.motointegrator.pt\/blog\/?s={search_term_string}"},"query-input":{"@type":"PropertyValueSpecification","valueRequired":true,"valueName":"search_term_string"}}],"inLanguage":"pt-PT"},{"@type":"Person","@id":"https:\/\/www.motointegrator.pt\/blog\/#\/schema\/person\/4d7965ef030e021f79caac2cb7cadd55","name":"damian","image":{"@type":"ImageObject","inLanguage":"pt-PT","@id":"https:\/\/secure.gravatar.com\/avatar\/94c7d63e0b7f80565089e63dc6deab5156261c8996b2d01c4972f0fe885ed52b?s=96&d=mm&r=g","url":"https:\/\/secure.gravatar.com\/avatar\/94c7d63e0b7f80565089e63dc6deab5156261c8996b2d01c4972f0fe885ed52b?s=96&d=mm&r=g","contentUrl":"https:\/\/secure.gravatar.com\/avatar\/94c7d63e0b7f80565089e63dc6deab5156261c8996b2d01c4972f0fe885ed52b?s=96&d=mm&r=g","caption":"damian"},"url":"https:\/\/www.motointegrator.pt\/blog\/author\/damian\/"}]}},"amp_enabled":true,"_links":{"self":[{"href":"https:\/\/www.motointegrator.pt\/blog\/wp-json\/wp\/v2\/posts\/34576","targetHints":{"allow":["GET"]}}],"collection":[{"href":"https:\/\/www.motointegrator.pt\/blog\/wp-json\/wp\/v2\/posts"}],"about":[{"href":"https:\/\/www.motointegrator.pt\/blog\/wp-json\/wp\/v2\/types\/post"}],"author":[{"embeddable":true,"href":"https:\/\/www.motointegrator.pt\/blog\/wp-json\/wp\/v2\/users\/53"}],"replies":[{"embeddable":true,"href":"https:\/\/www.motointegrator.pt\/blog\/wp-json\/wp\/v2\/comments?post=34576"}],"version-history":[{"count":1,"href":"https:\/\/www.motointegrator.pt\/blog\/wp-json\/wp\/v2\/posts\/34576\/revisions"}],"predecessor-version":[{"id":34578,"href":"https:\/\/www.motointegrator.pt\/blog\/wp-json\/wp\/v2\/posts\/34576\/revisions\/34578"}],"wp:featuredmedia":[{"embeddable":true,"href":"https:\/\/www.motointegrator.pt\/blog\/wp-json\/wp\/v2\/media\/34577"}],"wp:attachment":[{"href":"https:\/\/www.motointegrator.pt\/blog\/wp-json\/wp\/v2\/media?parent=34576"}],"wp:term":[{"taxonomy":"category","embeddable":true,"href":"https:\/\/www.motointegrator.pt\/blog\/wp-json\/wp\/v2\/categories?post=34576"},{"taxonomy":"post_tag","embeddable":true,"href":"https:\/\/www.motointegrator.pt\/blog\/wp-json\/wp\/v2\/tags?post=34576"}],"curies":[{"name":"wp","href":"https:\/\/api.w.org\/{rel}","templated":true}]}}